{"id":87194,"date":"2016-09-08T11:55:48","date_gmt":"2016-09-08T08:55:48","guid":{"rendered":"http:\/\/www.sana.sy\/tr\/?p=87194"},"modified":"2016-09-08T15:24:44","modified_gmt":"2016-09-08T12:24:44","slug":"kaynak-ordu-birliklerimizin-dera-beled-bolgesinde-teroristlere-ait-iki-komuta-karargahini-da-yine-ihtiva-ettikleri-teror-elebaslari-cephane-ve-araclarla-birlikte-tamamen-imha-ettiklerini-soyledi","status":"publish","type":"post","link":"https:\/\/archive.sana.sy\/tr\/?p=87194","title":{"rendered":"kaynak ordu birliklerimizin Dera Beled B\u00f6lgesinde ter\u00f6ristlere ait iki komuta karargah\u0131n\u0131 da yine ihtiva ettikleri ter\u00f6r eleba\u015flar\u0131, cephane ve ara\u00e7larla birlikte tamamen imha ettiklerini s\u00f6yledi"},"content":{"rendered":"<p>kaynak ordu birliklerimizin Dera Beled B\u00f6lgesinde ter\u00f6ristlere ait iki komuta karargah\u0131n\u0131 da yine ihtiva ettikleri ter\u00f6r eleba\u015flar\u0131, cephane ve ara\u00e7larla birlikte tamamen imha ettiklerini s\u00f6yledi<\/p>\n","protected":false},"excerpt":{"rendered":"<p>kaynak ordu birliklerimizin Dera Beled B\u00f6lgesinde ter\u00f6ristlere ait iki komuta karargah\u0131n\u0131 da yine ihtiva ettikleri ter\u00f6r eleba\u015flar\u0131, cephane ve ara\u00e7larla birlikte tamamen imha ettiklerini s\u00f6yledi<\/p>\n","protected":false},"author":1,"featured_media":0,"comment_status":"closed","ping_status":"closed","sticky":false,"template":"","format":"standard","meta":{"footnotes":""},"categories":[17991],"tags":[],"class_list":["post-87194","post","type-post","status-publish","format-standard","","category-son-dakika"],"_links":{"self":[{"href":"https:\/\/archive.sana.sy\/tr\/index.php?rest_route=\/wp\/v2\/posts\/87194","targetHints":{"allow":["GET"]}}],"collection":[{"href":"https:\/\/archive.sana.sy\/tr\/index.php?rest_route=\/wp\/v2\/posts"}],"about":[{"href":"https:\/\/archive.sana.sy\/tr\/index.php?rest_route=\/wp\/v2\/types\/post"}],"author":[{"embeddable":true,"href":"https:\/\/archive.sana.sy\/tr\/index.php?rest_route=\/wp\/v2\/users\/1"}],"replies":[{"embeddable":true,"href":"https:\/\/archive.sana.sy\/tr\/index.php?rest_route=%2Fwp%2Fv2%2Fcomments&post=87194"}],"version-history":[{"count":0,"href":"https:\/\/archive.sana.sy\/tr\/index.php?rest_route=\/wp\/v2\/posts\/87194\/revisions"}],"wp:attachment":[{"href":"https:\/\/archive.sana.sy\/tr\/index.php?rest_route=%2Fwp%2Fv2%2Fmedia&parent=87194"}],"wp:term":[{"taxonomy":"category","embeddable":true,"href":"https:\/\/archive.sana.sy\/tr\/index.php?rest_route=%2Fwp%2Fv2%2Fcategories&post=87194"},{"taxonomy":"post_tag","embeddable":true,"href":"https:\/\/archive.sana.sy\/tr\/index.php?rest_route=%2Fwp%2Fv2%2Ftags&post=87194"}],"curies":[{"name":"wp","href":"https:\/\/api.w.org\/{rel}","templated":true}]}}