{"id":87198,"date":"2016-09-08T12:24:47","date_gmt":"2016-09-08T09:24:47","guid":{"rendered":"http:\/\/www.sana.sy\/tr\/?p=87198"},"modified":"2016-09-08T15:25:25","modified_gmt":"2016-09-08T12:25:25","slug":"askeri-kaynak-ordu-birliklerimizin-suveyda-kirsalinin-kuzeydogusu-guney-tel-asiyhb-bolgesinde-askeri-mevkilere-saldiri-girisiminde-bulunan-isidli-bir-teror-teror-grubunu-kullandiklari-top-ve","status":"publish","type":"post","link":"https:\/\/archive.sana.sy\/tr\/?p=87198","title":{"rendered":"Askeri kaynak ordu birliklerimizin S\u00fcveyda k\u0131rsal\u0131n\u0131n kuzeydo\u011fusu G\u00fcney Tel A\u015fiyhb B\u00f6lgesinde askeri mevkilere sald\u0131r\u0131 giri\u015fiminde bulunan I\u015e\u0130D\u2019li bir ter\u00f6r ter\u00f6r grubunu kulland\u0131klar\u0131 top ve havan rampalar\u0131 ile etkisiz hale getirildiklerini s\u00f6yledi"},"content":{"rendered":"<p>Askeri kaynak ordu birliklerimizin S\u00fcveyda k\u0131rsal\u0131n\u0131n kuzeydo\u011fusu G\u00fcney Tel A\u015fiyhb B\u00f6lgesinde askeri mevkilere sald\u0131r\u0131 giri\u015fiminde bulunan I\u015e\u0130D\u2019li bir ter\u00f6r ter\u00f6r grubunu kulland\u0131klar\u0131 top ve havan rampalar\u0131 ile etkisiz hale getirildiklerini s\u00f6yledi<\/p>\n","protected":false},"excerpt":{"rendered":"<p>Askeri kaynak ordu birliklerimizin S\u00fcveyda k\u0131rsal\u0131n\u0131n kuzeydo\u011fusu G\u00fcney Tel A\u015fiyhb B\u00f6lgesinde askeri mevkilere sald\u0131r\u0131 giri\u015fiminde bulunan I\u015e\u0130D\u2019li bir ter\u00f6r ter\u00f6r grubunu kulland\u0131klar\u0131 top ve havan rampalar\u0131 ile etkisiz hale getirildiklerini s\u00f6yledi<\/p>\n","protected":false},"author":1,"featured_media":0,"comment_status":"closed","ping_status":"closed","sticky":false,"template":"","format":"standard","meta":{"footnotes":""},"categories":[17991],"tags":[],"class_list":["post-87198","post","type-post","status-publish","format-standard","","category-son-dakika"],"_links":{"self":[{"href":"https:\/\/archive.sana.sy\/tr\/index.php?rest_route=\/wp\/v2\/posts\/87198","targetHints":{"allow":["GET"]}}],"collection":[{"href":"https:\/\/archive.sana.sy\/tr\/index.php?rest_route=\/wp\/v2\/posts"}],"about":[{"href":"https:\/\/archive.sana.sy\/tr\/index.php?rest_route=\/wp\/v2\/types\/post"}],"author":[{"embeddable":true,"href":"https:\/\/archive.sana.sy\/tr\/index.php?rest_route=\/wp\/v2\/users\/1"}],"replies":[{"embeddable":true,"href":"https:\/\/archive.sana.sy\/tr\/index.php?rest_route=%2Fwp%2Fv2%2Fcomments&post=87198"}],"version-history":[{"count":0,"href":"https:\/\/archive.sana.sy\/tr\/index.php?rest_route=\/wp\/v2\/posts\/87198\/revisions"}],"wp:attachment":[{"href":"https:\/\/archive.sana.sy\/tr\/index.php?rest_route=%2Fwp%2Fv2%2Fmedia&parent=87198"}],"wp:term":[{"taxonomy":"category","embeddable":true,"href":"https:\/\/archive.sana.sy\/tr\/index.php?rest_route=%2Fwp%2Fv2%2Fcategories&post=87198"},{"taxonomy":"post_tag","embeddable":true,"href":"https:\/\/archive.sana.sy\/tr\/index.php?rest_route=%2Fwp%2Fv2%2Ftags&post=87198"}],"curies":[{"name":"wp","href":"https:\/\/api.w.org\/{rel}","templated":true}]}}