{"id":8724,"date":"2014-09-01T15:19:45","date_gmt":"2014-09-01T12:19:45","guid":{"rendered":"http:\/\/www.sana.sy\/tr\/?p=8724"},"modified":"2014-09-01T15:19:45","modified_gmt":"2014-09-01T12:19:45","slug":"homs-kirsalinda-ulusal-uzlasma-komitelerinde-bariz-bir-sahsiyete-suikast-duzenlediler","status":"publish","type":"post","link":"https:\/\/archive.sana.sy\/tr\/?p=8724","title":{"rendered":"Homs K\u0131rsal\u0131nda Ulusal Uzla\u015fma Komitelerinde Bariz Bir \u015eahsiyete Suikast D\u00fczenlediler"},"content":{"rendered":"<p>HOMS \u2013 Tekfirci ve hain ter\u00f6ristler ulusal uzla\u015fma komitelerini hedef alan gaddar eylemleri \u00e7er\u00e7evesinde d\u00fcn ak\u015fam Homs k\u0131rsal\u0131n\u0131n do\u011fusu Muhin B\u00f6lgesinde ulusal uzla\u015fma ve silahl\u0131lar\u0131n teslim olma \u00e7al\u0131\u015fmalar\u0131nda bariz bir \u015fahsiyet olan Muhammed T\u00fcrki Harb\u2019a suikast d\u00fczenlediler.<\/p>\n<p>Homs \u0130l Emniyet M\u00fcd\u00fcrl\u00fc\u011f\u00fcnde yetkili bir kaynak; eli kanl\u0131 ter\u00f6r \u00e7etelerinin d\u00fcn ak\u015fam saatlerinde ma\u011fdurun evine s\u0131zarak ona ate\u015f a\u00e7malar\u0131 ard\u0131ndan ka\u00e7t\u0131klar\u0131n\u0131 s\u00f6yledi. Kaynak Sadad Hastanesine a\u011f\u0131r yaral\u0131 olarak kald\u0131r\u0131lan Harb\u2019\u0131n t\u00fcm t\u0131bbi m\u00fcdahalelere ra\u011fmen \u015fehit oldu\u011funu ifade etti.<\/p>\n<p>Bu arada ter\u00f6r \u00e7eteleri bir\u00e7ok b\u00f6lgede ulusal uzla\u015fma \u00e7abalar\u0131n\u0131n ba\u015far\u0131lar\u0131n\u0131 sabote etme ve silahlar\u0131yla teslim olanlar\u0131 engelleme amac\u0131yla muhtelif b\u00f6lgelerde bu y\u00f6nde \u00e7aba harcayan \u015fahsiyetlere bir dizi suikast eylemlerinde bulundular.<\/p>\n","protected":false},"excerpt":{"rendered":"<p>HOMS \u2013 Tekfirci ve hain ter\u00f6ristler ulusal uzla\u015fma komitelerini hedef alan gaddar eylemleri \u00e7er\u00e7evesinde d\u00fcn ak\u015fam Homs k\u0131rsal\u0131n\u0131n do\u011fusu Muhin B\u00f6lgesinde ulusal uzla\u015fma ve silahl\u0131lar\u0131n teslim olma \u00e7al\u0131\u015fmalar\u0131nda bariz bir \u015fahsiyet olan Muhammed T\u00fcrki Harb\u2019a suikast d\u00fczenlediler. Homs \u0130l Emniyet M\u00fcd\u00fcrl\u00fc\u011f\u00fcnde yetkili bir kaynak; eli kanl\u0131 ter\u00f6r \u00e7etelerinin d\u00fcn ak\u015fam saatlerinde ma\u011fdurun evine s\u0131zarak ona &hellip;<\/p>\n","protected":false},"author":1,"featured_media":8725,"comment_status":"closed","ping_status":"closed","sticky":false,"template":"","format":"standard","meta":{"footnotes":""},"categories":[479,575,478],"tags":[1954],"class_list":["post-8724","post","type-post","status-publish","format-standard","has-post-thumbnail","","category-haberler-yerel","category-olaylar-ve-gercekler","category-yerel","tag-homs-kirsalinda-ulusal-uzlasma-komitelerinde-bariz-bir-sahsiyete-suikast-duzenlediler"],"_links":{"self":[{"href":"https:\/\/archive.sana.sy\/tr\/index.php?rest_route=\/wp\/v2\/posts\/8724","targetHints":{"allow":["GET"]}}],"collection":[{"href":"https:\/\/archive.sana.sy\/tr\/index.php?rest_route=\/wp\/v2\/posts"}],"about":[{"href":"https:\/\/archive.sana.sy\/tr\/index.php?rest_route=\/wp\/v2\/types\/post"}],"author":[{"embeddable":true,"href":"https:\/\/archive.sana.sy\/tr\/index.php?rest_route=\/wp\/v2\/users\/1"}],"replies":[{"embeddable":true,"href":"https:\/\/archive.sana.sy\/tr\/index.php?rest_route=%2Fwp%2Fv2%2Fcomments&post=8724"}],"version-history":[{"count":0,"href":"https:\/\/archive.sana.sy\/tr\/index.php?rest_route=\/wp\/v2\/posts\/8724\/revisions"}],"wp:featuredmedia":[{"embeddable":true,"href":"https:\/\/archive.sana.sy\/tr\/index.php?rest_route=\/wp\/v2\/media\/8725"}],"wp:attachment":[{"href":"https:\/\/archive.sana.sy\/tr\/index.php?rest_route=%2Fwp%2Fv2%2Fmedia&parent=8724"}],"wp:term":[{"taxonomy":"category","embeddable":true,"href":"https:\/\/archive.sana.sy\/tr\/index.php?rest_route=%2Fwp%2Fv2%2Fcategories&post=8724"},{"taxonomy":"post_tag","embeddable":true,"href":"https:\/\/archive.sana.sy\/tr\/index.php?rest_route=%2Fwp%2Fv2%2Ftags&post=8724"}],"curies":[{"name":"wp","href":"https:\/\/api.w.org\/{rel}","templated":true}]}}