{"id":87286,"date":"2016-09-08T20:24:18","date_gmt":"2016-09-08T17:24:18","guid":{"rendered":"http:\/\/www.sana.sy\/tr\/?p=87286"},"modified":"2016-09-08T20:24:44","modified_gmt":"2016-09-08T17:24:44","slug":"teror-orgutleri-ve-onlari-destekleyen-isverenlerinin-suriye-hukumeti-ve-ordusunu-suclamak-icin-daha-once-de-kimyasal-gaz-kullandiklarina-dikkat-ceken-yetkili-kaynak-suriyenin-dusman-taraflardan-derh","status":"publish","type":"post","link":"https:\/\/archive.sana.sy\/tr\/?p=87286","title":{"rendered":"Ter\u00f6r \u00f6rg\u00fctleri ve onlar\u0131 destekleyen i\u015fverenlerinin Suriye h\u00fck\u00fcmeti ve ordusunu su\u00e7lamak i\u00e7in daha \u00f6nce de kimyasal gaz kulland\u0131klar\u0131na dikkat \u00e7eken yetkili kaynak Suriye&#8217;nin d\u00fc\u015fman taraflardan derhal bu al\u00e7ak davran\u0131\u015flara son vermesini talep etti\u011fini belirtti"},"content":{"rendered":"<p>Ter\u00f6r \u00f6rg\u00fctleri ve onlar\u0131 destekleyen i\u015fverenlerinin Suriye h\u00fck\u00fcmeti ve ordusunu su\u00e7lamak i\u00e7in daha \u00f6nce de kimyasal gaz kulland\u0131klar\u0131na dikkat \u00e7eken yetkili kaynak Suriye&#8217;nin d\u00fc\u015fman taraflardan derhal bu al\u00e7ak davran\u0131\u015flara son vermesini talep etti\u011fini belirtti<\/p>\n","protected":false},"excerpt":{"rendered":"<p>Ter\u00f6r \u00f6rg\u00fctleri ve onlar\u0131 destekleyen i\u015fverenlerinin Suriye h\u00fck\u00fcmeti ve ordusunu su\u00e7lamak i\u00e7in daha \u00f6nce de kimyasal gaz kulland\u0131klar\u0131na dikkat \u00e7eken yetkili kaynak Suriye&#8217;nin d\u00fc\u015fman taraflardan derhal bu al\u00e7ak davran\u0131\u015flara son vermesini talep etti\u011fini belirtti<\/p>\n","protected":false},"author":1,"featured_media":0,"comment_status":"closed","ping_status":"closed","sticky":false,"template":"","format":"standard","meta":{"footnotes":""},"categories":[17991],"tags":[],"class_list":["post-87286","post","type-post","status-publish","format-standard","","category-son-dakika"],"_links":{"self":[{"href":"https:\/\/archive.sana.sy\/tr\/index.php?rest_route=\/wp\/v2\/posts\/87286","targetHints":{"allow":["GET"]}}],"collection":[{"href":"https:\/\/archive.sana.sy\/tr\/index.php?rest_route=\/wp\/v2\/posts"}],"about":[{"href":"https:\/\/archive.sana.sy\/tr\/index.php?rest_route=\/wp\/v2\/types\/post"}],"author":[{"embeddable":true,"href":"https:\/\/archive.sana.sy\/tr\/index.php?rest_route=\/wp\/v2\/users\/1"}],"replies":[{"embeddable":true,"href":"https:\/\/archive.sana.sy\/tr\/index.php?rest_route=%2Fwp%2Fv2%2Fcomments&post=87286"}],"version-history":[{"count":0,"href":"https:\/\/archive.sana.sy\/tr\/index.php?rest_route=\/wp\/v2\/posts\/87286\/revisions"}],"wp:attachment":[{"href":"https:\/\/archive.sana.sy\/tr\/index.php?rest_route=%2Fwp%2Fv2%2Fmedia&parent=87286"}],"wp:term":[{"taxonomy":"category","embeddable":true,"href":"https:\/\/archive.sana.sy\/tr\/index.php?rest_route=%2Fwp%2Fv2%2Fcategories&post=87286"},{"taxonomy":"post_tag","embeddable":true,"href":"https:\/\/archive.sana.sy\/tr\/index.php?rest_route=%2Fwp%2Fv2%2Ftags&post=87286"}],"curies":[{"name":"wp","href":"https:\/\/api.w.org\/{rel}","templated":true}]}}