{"id":87289,"date":"2016-09-08T20:30:59","date_gmt":"2016-09-08T17:30:59","guid":{"rendered":"http:\/\/www.sana.sy\/tr\/?p=87289"},"modified":"2016-09-09T15:17:23","modified_gmt":"2016-09-09T12:17:23","slug":"failleri-ve-arkalarinda-duranlarin-tespit-edilip-cezalandirilmalarini-talep-etti","status":"publish","type":"post","link":"https:\/\/archive.sana.sy\/tr\/?p=87289","title":{"rendered":"Failleri ve Arkalar\u0131nda Duranlar\u0131n Tespit Edilip Cezaland\u0131r\u0131lmalar\u0131n\u0131 Talep Etti"},"content":{"rendered":"<p>\u015eAM \u2013 D\u0131\u015fi\u015fleri ve Gurbet\u00e7iler Bakanl\u0131\u011f\u0131nda yetkili bir kaynak; Suriye Arap Cumhuriyeti h\u00fck\u00fcmetinin; \u2018Suriyeli resmi herhangi bir taras\u0131n d\u00fcn Halep\u2019in S\u00fckkeri Semtinde zehirli gaz kulland\u0131\u011f\u0131\u2019 y\u00f6n\u00fcndeki t\u00fcm haberleri mutlak bir \u015fekilde yalanlad\u0131\u011f\u0131n\u0131, bu haberlerin c\u00fcmleten ve ayr\u0131nt\u0131lar\u0131yla ger\u00e7ekle hi\u00e7bir ilgisi olmad\u0131\u011f\u0131n\u0131 vurgulad\u0131\u011f\u0131n\u0131 kaydetti.<\/p>\n<p>Yetkili kaynak bug\u00fcn SANA\u2019ya a\u00e7\u0131klamas\u0131nda Suriye&#8217;de bu gibi zehirli gazlar\u0131n kullan\u0131ld\u0131\u011f\u0131 t\u00fcm durumlarda ger\u00e7ek su\u00e7lunun ter\u00f6r \u00f6rg\u00fctleri oldu\u011funa vurgu yaparken, bu ter\u00f6r \u00f6rg\u00fctlerin zehirli gaz kullanma su\u00e7unu, i\u015fverenleri d\u0131\u015f g\u00fc\u00e7lerin talimatlar\u0131yla ger\u00e7ekle\u015ftirdiklerinin alt\u0131n\u0131 \u00e7izdi.<\/p>\n<p>Suriye Arap Cumhuriyetinin ter\u00f6r \u00f6rg\u00fctleri ve i\u015fverenlerinin yan\u0131 s\u0131ra onlar\u0131n Suriye halk\u0131na kar\u015f\u0131 zehirli gaz kullanmalar\u0131nda destek temin eden Bat\u0131l\u0131 \u0130stihbarat cihazlar\u0131n\u0131n kimyasal gaz kullanmalar\u0131n\u0131 k\u0131nad\u0131\u011f\u0131n\u0131 belirten yetkili kaynak; masum sivil insanlar\u0131n bu sald\u0131r\u0131larda kurban gittiklerine dikkat \u00e7ekti.<\/p>\n<p>Yetkili kaynak Suriye h\u00fck\u00fcmetinin, bu ve daha ba\u015fka ter\u00f6r eylemlerinin ger\u00e7ek\u00e7i ve tarafs\u0131z bir \u015fekilde soru\u015fturulup ger\u00e7ek faillerinin ortaya \u00e7\u0131kar\u0131lmas\u0131 konusunda i\u015fbirli\u011fini s\u00fcrd\u00fcrmeye haz\u0131r oldu\u011funu kaydetti.<\/p>\n<p>Ter\u00f6r \u00f6rg\u00fctleri ve onlar\u0131 destekleyen i\u015fverenlerinin Suriye h\u00fck\u00fcmeti ve ordusunu su\u00e7lamak i\u00e7in daha \u00f6nce de kimyasal gaz kulland\u0131klar\u0131na dikkat \u00e7eken yetkili kaynak Suriye&#8217;nin d\u00fc\u015fman taraflardan derhal bu al\u00e7ak davran\u0131\u015flara son vermesini talep etti\u011fini belirtti.<\/p>\n<p>Kaynak bu al\u00e7ak sald\u0131r\u0131lar\u0131n kurbanlar\u0131n\u0131n, ter\u00f6re kar\u015f\u0131 m\u00fccadele eden Suriye halk\u0131n\u0131n masum evlatlar\u0131 oldu\u011funa dikkat \u00e7ekerken, failleri ve arkalar\u0131nda duranlar\u0131n tespit edilip cezaland\u0131r\u0131lmalar\u0131n\u0131 da talep etti\u011finin alt\u0131n\u0131 \u00e7izdi.<\/p>\n","protected":false},"excerpt":{"rendered":"<p>\u015eAM \u2013 D\u0131\u015fi\u015fleri ve Gurbet\u00e7iler Bakanl\u0131\u011f\u0131nda yetkili bir kaynak; Suriye Arap Cumhuriyeti h\u00fck\u00fcmetinin; \u2018Suriyeli resmi herhangi bir taras\u0131n d\u00fcn Halep\u2019in S\u00fckkeri Semtinde zehirli gaz kulland\u0131\u011f\u0131\u2019 y\u00f6n\u00fcndeki t\u00fcm haberleri mutlak bir \u015fekilde yalanlad\u0131\u011f\u0131n\u0131, bu haberlerin c\u00fcmleten ve ayr\u0131nt\u0131lar\u0131yla ger\u00e7ekle hi\u00e7bir ilgisi olmad\u0131\u011f\u0131n\u0131 vurgulad\u0131\u011f\u0131n\u0131 kaydetti. Yetkili kaynak bug\u00fcn SANA\u2019ya a\u00e7\u0131klamas\u0131nda Suriye&#8217;de bu gibi zehirli gazlar\u0131n kullan\u0131ld\u0131\u011f\u0131 t\u00fcm &hellip;<\/p>\n","protected":false},"author":1,"featured_media":87291,"comment_status":"closed","ping_status":"closed","sticky":false,"template":"","format":"standard","meta":{"footnotes":""},"categories":[479,17988,478],"tags":[11053,23815],"class_list":["post-87289","post","type-post","status-publish","format-standard","has-post-thumbnail","","category-haberler-yerel","category-son-haberler","category-yerel","tag-disisleri-ve-gurbetciler-bakanliginda-yetkili-bir-kaynak","tag-failleri-ve-arkalarinda-duranlarin-tespit-edilip-cezalandirilmalarini-talep-etti"],"_links":{"self":[{"href":"https:\/\/archive.sana.sy\/tr\/index.php?rest_route=\/wp\/v2\/posts\/87289","targetHints":{"allow":["GET"]}}],"collection":[{"href":"https:\/\/archive.sana.sy\/tr\/index.php?rest_route=\/wp\/v2\/posts"}],"about":[{"href":"https:\/\/archive.sana.sy\/tr\/index.php?rest_route=\/wp\/v2\/types\/post"}],"author":[{"embeddable":true,"href":"https:\/\/archive.sana.sy\/tr\/index.php?rest_route=\/wp\/v2\/users\/1"}],"replies":[{"embeddable":true,"href":"https:\/\/archive.sana.sy\/tr\/index.php?rest_route=%2Fwp%2Fv2%2Fcomments&post=87289"}],"version-history":[{"count":0,"href":"https:\/\/archive.sana.sy\/tr\/index.php?rest_route=\/wp\/v2\/posts\/87289\/revisions"}],"wp:featuredmedia":[{"embeddable":true,"href":"https:\/\/archive.sana.sy\/tr\/index.php?rest_route=\/wp\/v2\/media\/87291"}],"wp:attachment":[{"href":"https:\/\/archive.sana.sy\/tr\/index.php?rest_route=%2Fwp%2Fv2%2Fmedia&parent=87289"}],"wp:term":[{"taxonomy":"category","embeddable":true,"href":"https:\/\/archive.sana.sy\/tr\/index.php?rest_route=%2Fwp%2Fv2%2Fcategories&post=87289"},{"taxonomy":"post_tag","embeddable":true,"href":"https:\/\/archive.sana.sy\/tr\/index.php?rest_route=%2Fwp%2Fv2%2Ftags&post=87289"}],"curies":[{"name":"wp","href":"https:\/\/api.w.org\/{rel}","templated":true}]}}