{"id":87293,"date":"2016-09-08T22:12:22","date_gmt":"2016-09-08T19:12:22","guid":{"rendered":"http:\/\/www.sana.sy\/tr\/?p=87293"},"modified":"2016-09-09T11:21:15","modified_gmt":"2016-09-09T08:21:15","slug":"putin-ve-erdogan-suriyedeki-durumlara-odaklandi","status":"publish","type":"post","link":"https:\/\/archive.sana.sy\/tr\/?p=87293","title":{"rendered":"Putin ve Erdo\u011fan Suriye&#8217;deki Durumlara Odakland\u0131"},"content":{"rendered":"<p>MOSKOVA \u2013 Rusya Ba\u015fkan\u0131 Vladimir Putin T\u00fcrkiye ba\u015fkan\u0131 Recep Tayyip Erdo\u011fan ile bug\u00fcn bulundu\u011fu telefon g\u00f6r\u00fc\u015fmesinde Suriye&#8217;deki durumlar ve Rusya ile T\u00fcrkiye aras\u0131ndaki i\u015fbirli\u011fini g\u00f6r\u00fc\u015ft\u00fc.<\/p>\n<p>Rusya Ba\u015fkanl\u0131k Saray\u0131 yay\u0131nlad\u0131\u011f\u0131 b\u00fcltende Erdo\u011fan\u2019\u0131n giri\u015fimi \u00fczerine ger\u00e7ekle\u015fen telefon g\u00f6r\u00fc\u015fmesinde; Suriye&#8217;deki durumlar \u00fczerine odaklan\u0131ld\u0131\u011f\u0131n\u0131 kaydetti. B\u00fcltende Suriye&#8217;deki krize \u00e7\u00f6z\u00fcm bulma ama\u00e7l\u0131 \u00e7abalar\u0131n koordinasyonu i\u00e7in \u0130ki \u00fclkede muhtelif cihazlar aras\u0131nda yo\u011fun temaslar\u0131n s\u00fcrd\u00fcr\u00fclmesi y\u00f6n\u00fcnde Putin ve Erdo\u011fan aras\u0131nda g\u00f6r\u00fc\u015f birli\u011fi kaydedildi\u011fi ifade edildi.<\/p>\n","protected":false},"excerpt":{"rendered":"<p>MOSKOVA \u2013 Rusya Ba\u015fkan\u0131 Vladimir Putin T\u00fcrkiye ba\u015fkan\u0131 Recep Tayyip Erdo\u011fan ile bug\u00fcn bulundu\u011fu telefon g\u00f6r\u00fc\u015fmesinde Suriye&#8217;deki durumlar ve Rusya ile T\u00fcrkiye aras\u0131ndaki i\u015fbirli\u011fini g\u00f6r\u00fc\u015ft\u00fc. Rusya Ba\u015fkanl\u0131k Saray\u0131 yay\u0131nlad\u0131\u011f\u0131 b\u00fcltende Erdo\u011fan\u2019\u0131n giri\u015fimi \u00fczerine ger\u00e7ekle\u015fen telefon g\u00f6r\u00fc\u015fmesinde; Suriye&#8217;deki durumlar \u00fczerine odaklan\u0131ld\u0131\u011f\u0131n\u0131 kaydetti. B\u00fcltende Suriye&#8217;deki krize \u00e7\u00f6z\u00fcm bulma ama\u00e7l\u0131 \u00e7abalar\u0131n koordinasyonu i\u00e7in \u0130ki \u00fclkede muhtelif cihazlar aras\u0131nda &hellip;<\/p>\n","protected":false},"author":1,"featured_media":87295,"comment_status":"closed","ping_status":"closed","sticky":false,"template":"","format":"standard","meta":{"footnotes":""},"categories":[17988,2554,2555],"tags":[23816],"class_list":["post-87293","post","type-post","status-publish","format-standard","has-post-thumbnail","","category-son-haberler","category-suriye-ve-dunya","category-suriye-ve-turkiye","tag-putin-ve-erdogan-suriyedeki-durumlara-odaklandi"],"_links":{"self":[{"href":"https:\/\/archive.sana.sy\/tr\/index.php?rest_route=\/wp\/v2\/posts\/87293","targetHints":{"allow":["GET"]}}],"collection":[{"href":"https:\/\/archive.sana.sy\/tr\/index.php?rest_route=\/wp\/v2\/posts"}],"about":[{"href":"https:\/\/archive.sana.sy\/tr\/index.php?rest_route=\/wp\/v2\/types\/post"}],"author":[{"embeddable":true,"href":"https:\/\/archive.sana.sy\/tr\/index.php?rest_route=\/wp\/v2\/users\/1"}],"replies":[{"embeddable":true,"href":"https:\/\/archive.sana.sy\/tr\/index.php?rest_route=%2Fwp%2Fv2%2Fcomments&post=87293"}],"version-history":[{"count":0,"href":"https:\/\/archive.sana.sy\/tr\/index.php?rest_route=\/wp\/v2\/posts\/87293\/revisions"}],"wp:featuredmedia":[{"embeddable":true,"href":"https:\/\/archive.sana.sy\/tr\/index.php?rest_route=\/wp\/v2\/media\/87295"}],"wp:attachment":[{"href":"https:\/\/archive.sana.sy\/tr\/index.php?rest_route=%2Fwp%2Fv2%2Fmedia&parent=87293"}],"wp:term":[{"taxonomy":"category","embeddable":true,"href":"https:\/\/archive.sana.sy\/tr\/index.php?rest_route=%2Fwp%2Fv2%2Fcategories&post=87293"},{"taxonomy":"post_tag","embeddable":true,"href":"https:\/\/archive.sana.sy\/tr\/index.php?rest_route=%2Fwp%2Fv2%2Ftags&post=87293"}],"curies":[{"name":"wp","href":"https:\/\/api.w.org\/{rel}","templated":true}]}}