{"id":87336,"date":"2016-09-09T11:18:32","date_gmt":"2016-09-09T08:18:32","guid":{"rendered":"http:\/\/www.sana.sy\/tr\/?p=87336"},"modified":"2016-09-10T15:32:13","modified_gmt":"2016-09-10T12:32:13","slug":"4-madalya-kazandik","status":"publish","type":"post","link":"https:\/\/archive.sana.sy\/tr\/?p=87336","title":{"rendered":"4 Madalya Kazand\u0131k"},"content":{"rendered":"<p>TAHRAN \u2013 \u0130ran\u2019da d\u00fczenlenen Uluslararas\u0131 Karate \u015eampiyonas\u0131na kat\u0131lan Suriye ekibi 1 g\u00fcm\u00fc\u015f ve 3 bronz olmak \u00fczere toplam 4 madalya kazand\u0131.<\/p>\n<p><a href=\"http:\/\/www.sana.sy\/tr\/wp-content\/uploads\/2016\/09\/spor-1-1.jpg\"><img loading=\"lazy\" decoding=\"async\" class=\"alignright wp-image-87339 size-medium\" src=\"http:\/\/www.sana.sy\/tr\/wp-content\/uploads\/2016\/09\/spor-1-1-189x300.jpg\" alt=\"spor-1\" width=\"189\" height=\"300\" srcset=\"https:\/\/archive.sana.sy\/tr\/wp-content\/uploads\/2016\/09\/spor-1-1-189x300.jpg 189w, https:\/\/archive.sana.sy\/tr\/wp-content\/uploads\/2016\/09\/spor-1-1-94x150.jpg 94w, https:\/\/archive.sana.sy\/tr\/wp-content\/uploads\/2016\/09\/spor-1-1.jpg 528w\" sizes=\"auto, (max-width: 189px) 100vw, 189px\" \/><\/a>13 Eyl\u00fcl tarihine dek s\u00fcren \u015fampiyonada Fadi Karafelah 18 ya\u015f alt\u0131 68 kiloda g\u00fcm\u00fc\u015f madalya kazan\u0131rken, 16 ya\u015f alt\u0131 55 kiloda Mihyar Mtevvac, 64 kiloda Ha\u015fim \u015eemlat ve 74 kiloda H\u0131z\u0131r Kaddah birer bronz madalya kazand\u0131lar.<\/p>\n","protected":false},"excerpt":{"rendered":"<p>TAHRAN \u2013 \u0130ran\u2019da d\u00fczenlenen Uluslararas\u0131 Karate \u015eampiyonas\u0131na kat\u0131lan Suriye ekibi 1 g\u00fcm\u00fc\u015f ve 3 bronz olmak \u00fczere toplam 4 madalya kazand\u0131. 13 Eyl\u00fcl tarihine dek s\u00fcren \u015fampiyonada Fadi Karafelah 18 ya\u015f alt\u0131 68 kiloda g\u00fcm\u00fc\u015f madalya kazan\u0131rken, 16 ya\u015f alt\u0131 55 kiloda Mihyar Mtevvac, 64 kiloda Ha\u015fim \u015eemlat ve 74 kiloda H\u0131z\u0131r Kaddah birer bronz &hellip;<\/p>\n","protected":false},"author":1,"featured_media":87337,"comment_status":"closed","ping_status":"closed","sticky":false,"template":"","format":"standard","meta":{"footnotes":""},"categories":[498,17988,496],"tags":[],"class_list":["post-87336","post","type-post","status-publish","format-standard","has-post-thumbnail","","category-dunya-turnuvalari","category-son-haberler","category-spor"],"_links":{"self":[{"href":"https:\/\/archive.sana.sy\/tr\/index.php?rest_route=\/wp\/v2\/posts\/87336","targetHints":{"allow":["GET"]}}],"collection":[{"href":"https:\/\/archive.sana.sy\/tr\/index.php?rest_route=\/wp\/v2\/posts"}],"about":[{"href":"https:\/\/archive.sana.sy\/tr\/index.php?rest_route=\/wp\/v2\/types\/post"}],"author":[{"embeddable":true,"href":"https:\/\/archive.sana.sy\/tr\/index.php?rest_route=\/wp\/v2\/users\/1"}],"replies":[{"embeddable":true,"href":"https:\/\/archive.sana.sy\/tr\/index.php?rest_route=%2Fwp%2Fv2%2Fcomments&post=87336"}],"version-history":[{"count":0,"href":"https:\/\/archive.sana.sy\/tr\/index.php?rest_route=\/wp\/v2\/posts\/87336\/revisions"}],"wp:featuredmedia":[{"embeddable":true,"href":"https:\/\/archive.sana.sy\/tr\/index.php?rest_route=\/wp\/v2\/media\/87337"}],"wp:attachment":[{"href":"https:\/\/archive.sana.sy\/tr\/index.php?rest_route=%2Fwp%2Fv2%2Fmedia&parent=87336"}],"wp:term":[{"taxonomy":"category","embeddable":true,"href":"https:\/\/archive.sana.sy\/tr\/index.php?rest_route=%2Fwp%2Fv2%2Fcategories&post=87336"},{"taxonomy":"post_tag","embeddable":true,"href":"https:\/\/archive.sana.sy\/tr\/index.php?rest_route=%2Fwp%2Fv2%2Ftags&post=87336"}],"curies":[{"name":"wp","href":"https:\/\/api.w.org\/{rel}","templated":true}]}}