{"id":8747,"date":"2014-09-01T17:24:47","date_gmt":"2014-09-01T14:24:47","guid":{"rendered":"http:\/\/www.sana.sy\/tr\/?p=8747"},"modified":"2014-09-01T17:24:47","modified_gmt":"2014-09-01T14:24:47","slug":"teroristler-yine-elektrik-sebekesine-saldirdi","status":"publish","type":"post","link":"https:\/\/archive.sana.sy\/tr\/?p=8747","title":{"rendered":"Ter\u00f6ristler Yine Elektrik \u015eebekesine Sald\u0131rd\u0131"},"content":{"rendered":"<p>\u015eAM \u2013 Elektrik Bakanl\u0131\u011f\u0131nda yetkili bir kaynak tekfirci ve kiral\u0131k ter\u00f6r \u00e7etelerinin bug\u00fcn \u00f6\u011fleden sonra G\u00fcney B\u00f6lgesi ve Orta B\u00f6lgesini elektrik enerjisiyle besleyen y\u00fcksek gerilim hatlar\u0131 \u015febekesini sabote ettiklerini belirtti.<\/p>\n<p>Kaynak ter\u00f6ristlerin hain sald\u0131r\u0131lar\u0131 neticesinde \u015eam ve k\u0131rsal\u0131n\u0131n yan\u0131 s\u0131ra Dera, S\u00fcveyda, Kunaytra, Homs ve Hama illerinde elektrik kesintisinin oldu\u011funu a\u00e7\u0131klad\u0131.<\/p>\n<p>Bakanl\u0131\u011fa tabi ar\u0131za onar\u0131m ekiplerinin derhal harekete ge\u00e7ip sabote edilen y\u00fcksek gerilim \u015febekesini onarmaya ba\u015flad\u0131klar\u0131n\u0131 s\u00f6yleyen kaynak; s\u00f6z konusu illerde alternatif \u015febeke arac\u0131l\u0131\u011f\u0131 ile elektrik temini yap\u0131ld\u0131\u011f\u0131n\u0131, sabote edilen \u015febekenin de en k\u0131sa zamanda onar\u0131laca\u011f\u0131n\u0131 belirtti.<\/p>\n","protected":false},"excerpt":{"rendered":"<p>\u015eAM \u2013 Elektrik Bakanl\u0131\u011f\u0131nda yetkili bir kaynak tekfirci ve kiral\u0131k ter\u00f6r \u00e7etelerinin bug\u00fcn \u00f6\u011fleden sonra G\u00fcney B\u00f6lgesi ve Orta B\u00f6lgesini elektrik enerjisiyle besleyen y\u00fcksek gerilim hatlar\u0131 \u015febekesini sabote ettiklerini belirtti. Kaynak ter\u00f6ristlerin hain sald\u0131r\u0131lar\u0131 neticesinde \u015eam ve k\u0131rsal\u0131n\u0131n yan\u0131 s\u0131ra Dera, S\u00fcveyda, Kunaytra, Homs ve Hama illerinde elektrik kesintisinin oldu\u011funu a\u00e7\u0131klad\u0131. Bakanl\u0131\u011fa tabi ar\u0131za onar\u0131m &hellip;<\/p>\n","protected":false},"author":1,"featured_media":8748,"comment_status":"closed","ping_status":"closed","sticky":false,"template":"","format":"standard","meta":{"footnotes":""},"categories":[479,575,478],"tags":[1960],"class_list":["post-8747","post","type-post","status-publish","format-standard","has-post-thumbnail","","category-haberler-yerel","category-olaylar-ve-gercekler","category-yerel","tag-teroristler-yine-elektrik-sebekesine-saldirdi"],"_links":{"self":[{"href":"https:\/\/archive.sana.sy\/tr\/index.php?rest_route=\/wp\/v2\/posts\/8747","targetHints":{"allow":["GET"]}}],"collection":[{"href":"https:\/\/archive.sana.sy\/tr\/index.php?rest_route=\/wp\/v2\/posts"}],"about":[{"href":"https:\/\/archive.sana.sy\/tr\/index.php?rest_route=\/wp\/v2\/types\/post"}],"author":[{"embeddable":true,"href":"https:\/\/archive.sana.sy\/tr\/index.php?rest_route=\/wp\/v2\/users\/1"}],"replies":[{"embeddable":true,"href":"https:\/\/archive.sana.sy\/tr\/index.php?rest_route=%2Fwp%2Fv2%2Fcomments&post=8747"}],"version-history":[{"count":0,"href":"https:\/\/archive.sana.sy\/tr\/index.php?rest_route=\/wp\/v2\/posts\/8747\/revisions"}],"wp:featuredmedia":[{"embeddable":true,"href":"https:\/\/archive.sana.sy\/tr\/index.php?rest_route=\/wp\/v2\/media\/8748"}],"wp:attachment":[{"href":"https:\/\/archive.sana.sy\/tr\/index.php?rest_route=%2Fwp%2Fv2%2Fmedia&parent=8747"}],"wp:term":[{"taxonomy":"category","embeddable":true,"href":"https:\/\/archive.sana.sy\/tr\/index.php?rest_route=%2Fwp%2Fv2%2Fcategories&post=8747"},{"taxonomy":"post_tag","embeddable":true,"href":"https:\/\/archive.sana.sy\/tr\/index.php?rest_route=%2Fwp%2Fv2%2Ftags&post=8747"}],"curies":[{"name":"wp","href":"https:\/\/api.w.org\/{rel}","templated":true}]}}