{"id":87470,"date":"2016-09-10T19:57:01","date_gmt":"2016-09-10T16:57:01","guid":{"rendered":"http:\/\/www.sana.sy\/tr\/?p=87470"},"modified":"2016-09-10T19:57:01","modified_gmt":"2016-09-10T16:57:01","slug":"sanaya-aciklama-yagan-askeri-kaynak-ordu-birliklerimizin-halk-savunma-gucleriyle-isbirligi-icinde-kunaytra-kirsalinda-hadar-mesati-ve-hadar-tel-ahmar-eksenlerinde-askeri-n","status":"publish","type":"post","link":"https:\/\/archive.sana.sy\/tr\/?p=87470","title":{"rendered":"SANA\u2019ya a\u00e7\u0131klama ya\u011fan askeri kaynak ordu birliklerimizin Halk Savunma G\u00fc\u00e7leriyle i\u015fbirli\u011fi i\u00e7inde Kunaytra k\u0131rsal\u0131nda Hadar \u2013 Me\u015fati ve Hadar \u2013 Tel Ahmar eksenlerinde askeri noktalara y\u00fcksek say\u0131larla b\u00fcy\u00fck bir sald\u0131r\u0131 ba\u015flatan Nusra Cephesi ve \u00e7at\u0131s\u0131 alt\u0131ndaki ter\u00f6ristleri a\u011f\u0131r kay\u0131plara u\u011fratt\u0131klar\u0131n\u0131 belirtirken, \u00e7at\u0131\u015fmalar\u0131n devam etti\u011fini kaydetti"},"content":{"rendered":"<p>SANA\u2019ya a\u00e7\u0131klama ya\u011fan askeri kaynak ordu birliklerimizin Halk Savunma G\u00fc\u00e7leriyle i\u015fbirli\u011fi i\u00e7inde Kunaytra k\u0131rsal\u0131nda Hadar \u2013 Me\u015fati ve Hadar \u2013 Tel Ahmar eksenlerinde askeri noktalara y\u00fcksek say\u0131larla b\u00fcy\u00fck bir sald\u0131r\u0131 ba\u015flatan Nusra Cephesi ve \u00e7at\u0131s\u0131 alt\u0131ndaki ter\u00f6ristleri a\u011f\u0131r kay\u0131plara u\u011fratt\u0131klar\u0131n\u0131 belirtirken, \u00e7at\u0131\u015fmalar\u0131n devam etti\u011fini kaydetti<\/p>\n","protected":false},"excerpt":{"rendered":"<p>SANA\u2019ya a\u00e7\u0131klama ya\u011fan askeri kaynak ordu birliklerimizin Halk Savunma G\u00fc\u00e7leriyle i\u015fbirli\u011fi i\u00e7inde Kunaytra k\u0131rsal\u0131nda Hadar \u2013 Me\u015fati ve Hadar \u2013 Tel Ahmar eksenlerinde askeri noktalara y\u00fcksek say\u0131larla b\u00fcy\u00fck bir sald\u0131r\u0131 ba\u015flatan Nusra Cephesi ve \u00e7at\u0131s\u0131 alt\u0131ndaki ter\u00f6ristleri a\u011f\u0131r kay\u0131plara u\u011fratt\u0131klar\u0131n\u0131 belirtirken, \u00e7at\u0131\u015fmalar\u0131n devam etti\u011fini kaydetti<\/p>\n","protected":false},"author":1,"featured_media":0,"comment_status":"closed","ping_status":"closed","sticky":false,"template":"","format":"standard","meta":{"footnotes":""},"categories":[17991],"tags":[],"class_list":["post-87470","post","type-post","status-publish","format-standard","","category-son-dakika"],"_links":{"self":[{"href":"https:\/\/archive.sana.sy\/tr\/index.php?rest_route=\/wp\/v2\/posts\/87470","targetHints":{"allow":["GET"]}}],"collection":[{"href":"https:\/\/archive.sana.sy\/tr\/index.php?rest_route=\/wp\/v2\/posts"}],"about":[{"href":"https:\/\/archive.sana.sy\/tr\/index.php?rest_route=\/wp\/v2\/types\/post"}],"author":[{"embeddable":true,"href":"https:\/\/archive.sana.sy\/tr\/index.php?rest_route=\/wp\/v2\/users\/1"}],"replies":[{"embeddable":true,"href":"https:\/\/archive.sana.sy\/tr\/index.php?rest_route=%2Fwp%2Fv2%2Fcomments&post=87470"}],"version-history":[{"count":0,"href":"https:\/\/archive.sana.sy\/tr\/index.php?rest_route=\/wp\/v2\/posts\/87470\/revisions"}],"wp:attachment":[{"href":"https:\/\/archive.sana.sy\/tr\/index.php?rest_route=%2Fwp%2Fv2%2Fmedia&parent=87470"}],"wp:term":[{"taxonomy":"category","embeddable":true,"href":"https:\/\/archive.sana.sy\/tr\/index.php?rest_route=%2Fwp%2Fv2%2Fcategories&post=87470"},{"taxonomy":"post_tag","embeddable":true,"href":"https:\/\/archive.sana.sy\/tr\/index.php?rest_route=%2Fwp%2Fv2%2Ftags&post=87470"}],"curies":[{"name":"wp","href":"https:\/\/api.w.org\/{rel}","templated":true}]}}