{"id":87512,"date":"2016-09-11T12:00:17","date_gmt":"2016-09-11T09:00:17","guid":{"rendered":"http:\/\/www.sana.sy\/tr\/?p=87512"},"modified":"2016-09-11T13:14:48","modified_gmt":"2016-09-11T10:14:48","slug":"homsta-askeri-kaynak-hava-guclerimizin-il-kirsalinin-dogusu-tedmurun-guneyi-erak-ve-suhna-bolgelerinde-isidin-mevki-ve-karargahlarini-imha-ettiklerini-aktardi","status":"publish","type":"post","link":"https:\/\/archive.sana.sy\/tr\/?p=87512","title":{"rendered":"Homs\u2019ta askeri kaynak hava g\u00fc\u00e7lerimizin il k\u0131rsal\u0131n\u0131n do\u011fusu Tedmur\u2019un g\u00fcneyi, Erak ve Suhna b\u00f6lgelerinde I\u015e\u0130D\u2019in mevki ve karargahlar\u0131n\u0131 imha ettiklerini aktard\u0131."},"content":{"rendered":"<p>Homs\u2019ta askeri kaynak hava g\u00fc\u00e7lerimizin il k\u0131rsal\u0131n\u0131n do\u011fusu Tedmur\u2019un g\u00fcneyi, Erak ve Suhna b\u00f6lgelerinde I\u015e\u0130D\u2019in mevki ve karargahlar\u0131n\u0131 imha ettiklerini aktard\u0131.<\/p>\n","protected":false},"excerpt":{"rendered":"<p>Homs\u2019ta askeri kaynak hava g\u00fc\u00e7lerimizin il k\u0131rsal\u0131n\u0131n do\u011fusu Tedmur\u2019un g\u00fcneyi, Erak ve Suhna b\u00f6lgelerinde I\u015e\u0130D\u2019in mevki ve karargahlar\u0131n\u0131 imha ettiklerini aktard\u0131.<\/p>\n","protected":false},"author":1,"featured_media":0,"comment_status":"closed","ping_status":"closed","sticky":false,"template":"","format":"standard","meta":{"footnotes":""},"categories":[17991],"tags":[],"class_list":["post-87512","post","type-post","status-publish","format-standard","","category-son-dakika"],"_links":{"self":[{"href":"https:\/\/archive.sana.sy\/tr\/index.php?rest_route=\/wp\/v2\/posts\/87512","targetHints":{"allow":["GET"]}}],"collection":[{"href":"https:\/\/archive.sana.sy\/tr\/index.php?rest_route=\/wp\/v2\/posts"}],"about":[{"href":"https:\/\/archive.sana.sy\/tr\/index.php?rest_route=\/wp\/v2\/types\/post"}],"author":[{"embeddable":true,"href":"https:\/\/archive.sana.sy\/tr\/index.php?rest_route=\/wp\/v2\/users\/1"}],"replies":[{"embeddable":true,"href":"https:\/\/archive.sana.sy\/tr\/index.php?rest_route=%2Fwp%2Fv2%2Fcomments&post=87512"}],"version-history":[{"count":0,"href":"https:\/\/archive.sana.sy\/tr\/index.php?rest_route=\/wp\/v2\/posts\/87512\/revisions"}],"wp:attachment":[{"href":"https:\/\/archive.sana.sy\/tr\/index.php?rest_route=%2Fwp%2Fv2%2Fmedia&parent=87512"}],"wp:term":[{"taxonomy":"category","embeddable":true,"href":"https:\/\/archive.sana.sy\/tr\/index.php?rest_route=%2Fwp%2Fv2%2Fcategories&post=87512"},{"taxonomy":"post_tag","embeddable":true,"href":"https:\/\/archive.sana.sy\/tr\/index.php?rest_route=%2Fwp%2Fv2%2Ftags&post=87512"}],"curies":[{"name":"wp","href":"https:\/\/api.w.org\/{rel}","templated":true}]}}