{"id":87516,"date":"2016-09-11T12:30:59","date_gmt":"2016-09-11T09:30:59","guid":{"rendered":"http:\/\/www.sana.sy\/tr\/?p=87516"},"modified":"2016-09-11T13:34:14","modified_gmt":"2016-09-11T10:34:14","slug":"askeri-kaynak-hava-guclerimizin-deyrezzor-kirsalinin-sufuf-tepesinde-isidli-terorist-ve-cephane-tasiyan-bir-kismi-agir-silahlarla-donatilmis-bir-kismi-da-zirhli-olan-cok-sayida-araci-yukle","status":"publish","type":"post","link":"https:\/\/archive.sana.sy\/tr\/?p=87516","title":{"rendered":"Askeri kaynak hava g\u00fc\u00e7lerimizin, Deyrezzor k\u0131rsal\u0131n\u0131n Sufuf Tepesinde I\u015e\u0130D\u2019li ter\u00f6rist ve cephane ta\u015f\u0131yan, bir k\u0131sm\u0131 a\u011f\u0131r silahlarla donat\u0131lm\u0131\u015f, bir k\u0131sm\u0131 da z\u0131rhl\u0131 olan \u00e7ok say\u0131da arac\u0131 y\u00fckleriyle birlikte imha ettiklerini kaydetti"},"content":{"rendered":"<p>Askeri kaynak hava g\u00fc\u00e7lerimizin, Deyrezzor k\u0131rsal\u0131n\u0131n Sufuf Tepesinde I\u015e\u0130D\u2019li ter\u00f6rist ve cephane ta\u015f\u0131yan, bir k\u0131sm\u0131 a\u011f\u0131r silahlarla donat\u0131lm\u0131\u015f, bir k\u0131sm\u0131 da z\u0131rhl\u0131 olan \u00e7ok say\u0131da arac\u0131 y\u00fckleriyle birlikte imha ettiklerini kaydetti<\/p>\n","protected":false},"excerpt":{"rendered":"<p>Askeri kaynak hava g\u00fc\u00e7lerimizin, Deyrezzor k\u0131rsal\u0131n\u0131n Sufuf Tepesinde I\u015e\u0130D\u2019li ter\u00f6rist ve cephane ta\u015f\u0131yan, bir k\u0131sm\u0131 a\u011f\u0131r silahlarla donat\u0131lm\u0131\u015f, bir k\u0131sm\u0131 da z\u0131rhl\u0131 olan \u00e7ok say\u0131da arac\u0131 y\u00fckleriyle birlikte imha ettiklerini kaydetti<\/p>\n","protected":false},"author":1,"featured_media":0,"comment_status":"closed","ping_status":"closed","sticky":false,"template":"","format":"standard","meta":{"footnotes":""},"categories":[17991],"tags":[],"class_list":["post-87516","post","type-post","status-publish","format-standard","","category-son-dakika"],"_links":{"self":[{"href":"https:\/\/archive.sana.sy\/tr\/index.php?rest_route=\/wp\/v2\/posts\/87516","targetHints":{"allow":["GET"]}}],"collection":[{"href":"https:\/\/archive.sana.sy\/tr\/index.php?rest_route=\/wp\/v2\/posts"}],"about":[{"href":"https:\/\/archive.sana.sy\/tr\/index.php?rest_route=\/wp\/v2\/types\/post"}],"author":[{"embeddable":true,"href":"https:\/\/archive.sana.sy\/tr\/index.php?rest_route=\/wp\/v2\/users\/1"}],"replies":[{"embeddable":true,"href":"https:\/\/archive.sana.sy\/tr\/index.php?rest_route=%2Fwp%2Fv2%2Fcomments&post=87516"}],"version-history":[{"count":0,"href":"https:\/\/archive.sana.sy\/tr\/index.php?rest_route=\/wp\/v2\/posts\/87516\/revisions"}],"wp:attachment":[{"href":"https:\/\/archive.sana.sy\/tr\/index.php?rest_route=%2Fwp%2Fv2%2Fmedia&parent=87516"}],"wp:term":[{"taxonomy":"category","embeddable":true,"href":"https:\/\/archive.sana.sy\/tr\/index.php?rest_route=%2Fwp%2Fv2%2Fcategories&post=87516"},{"taxonomy":"post_tag","embeddable":true,"href":"https:\/\/archive.sana.sy\/tr\/index.php?rest_route=%2Fwp%2Fv2%2Ftags&post=87516"}],"curies":[{"name":"wp","href":"https:\/\/api.w.org\/{rel}","templated":true}]}}