{"id":87520,"date":"2016-09-11T13:03:27","date_gmt":"2016-09-11T10:03:27","guid":{"rendered":"http:\/\/www.sana.sy\/tr\/?p=87520"},"modified":"2016-09-11T13:52:09","modified_gmt":"2016-09-11T10:52:09","slug":"askeri-kaynak-hava-guclerimizin-hama-kirsalinin-kuzeyinde-mean-bolgesinin-dogusu-ve-kuzeyinde-suranin-batisi-ve-guneyi-meardesin-kuzeyi-ve-batisi-tiybat-el-imam-morik-helfaya-l","status":"publish","type":"post","link":"https:\/\/archive.sana.sy\/tr\/?p=87520","title":{"rendered":"Askeri kaynak hava g\u00fc\u00e7lerimizin Hama k\u0131rsal\u0131n\u0131n kuzeyinde Mean B\u00f6lgesinin do\u011fusu ve kuzeyinde, Suran\u2019\u0131n bat\u0131s\u0131 ve g\u00fcneyi, Meardes\u2019in kuzeyi ve bat\u0131s\u0131, T\u0131ybat el \u0130mam, Morik, Helfaya, Latamina ve Kefar Zeyta b\u00f6lgelerinde d\u0131\u015f g\u00fc\u00e7lerin edat olarak kulland\u0131klar\u0131 ter\u00f6ristlerin \u00e7ok say\u0131da karargah\u0131 ve onlarca arac\u0131n\u0131 muhtevalar\u0131yla imha ettiklerini ifade etti."},"content":{"rendered":"<p>Askeri kaynak hava g\u00fc\u00e7lerimizin Hama k\u0131rsal\u0131n\u0131n kuzeyinde Mean B\u00f6lgesinin do\u011fusu ve kuzeyinde, Suran\u2019\u0131n bat\u0131s\u0131 ve g\u00fcneyi, Meardes\u2019in kuzeyi ve bat\u0131s\u0131, T\u0131ybat el \u0130mam, Morik, Helfaya, Latamina ve Kefar Zeyta b\u00f6lgelerinde d\u0131\u015f g\u00fc\u00e7lerin edat olarak kulland\u0131klar\u0131 ter\u00f6ristlerin \u00e7ok say\u0131da karargah\u0131 ve onlarca arac\u0131n\u0131 muhtevalar\u0131yla imha ettiklerini ifade etti.<\/p>\n","protected":false},"excerpt":{"rendered":"<p>Askeri kaynak hava g\u00fc\u00e7lerimizin Hama k\u0131rsal\u0131n\u0131n kuzeyinde Mean B\u00f6lgesinin do\u011fusu ve kuzeyinde, Suran\u2019\u0131n bat\u0131s\u0131 ve g\u00fcneyi, Meardes\u2019in kuzeyi ve bat\u0131s\u0131, T\u0131ybat el \u0130mam, Morik, Helfaya, Latamina ve Kefar Zeyta b\u00f6lgelerinde d\u0131\u015f g\u00fc\u00e7lerin edat olarak kulland\u0131klar\u0131 ter\u00f6ristlerin \u00e7ok say\u0131da karargah\u0131 ve onlarca arac\u0131n\u0131 muhtevalar\u0131yla imha ettiklerini ifade etti.<\/p>\n","protected":false},"author":1,"featured_media":0,"comment_status":"closed","ping_status":"closed","sticky":false,"template":"","format":"standard","meta":{"footnotes":""},"categories":[17991],"tags":[],"class_list":["post-87520","post","type-post","status-publish","format-standard","","category-son-dakika"],"_links":{"self":[{"href":"https:\/\/archive.sana.sy\/tr\/index.php?rest_route=\/wp\/v2\/posts\/87520","targetHints":{"allow":["GET"]}}],"collection":[{"href":"https:\/\/archive.sana.sy\/tr\/index.php?rest_route=\/wp\/v2\/posts"}],"about":[{"href":"https:\/\/archive.sana.sy\/tr\/index.php?rest_route=\/wp\/v2\/types\/post"}],"author":[{"embeddable":true,"href":"https:\/\/archive.sana.sy\/tr\/index.php?rest_route=\/wp\/v2\/users\/1"}],"replies":[{"embeddable":true,"href":"https:\/\/archive.sana.sy\/tr\/index.php?rest_route=%2Fwp%2Fv2%2Fcomments&post=87520"}],"version-history":[{"count":0,"href":"https:\/\/archive.sana.sy\/tr\/index.php?rest_route=\/wp\/v2\/posts\/87520\/revisions"}],"wp:attachment":[{"href":"https:\/\/archive.sana.sy\/tr\/index.php?rest_route=%2Fwp%2Fv2%2Fmedia&parent=87520"}],"wp:term":[{"taxonomy":"category","embeddable":true,"href":"https:\/\/archive.sana.sy\/tr\/index.php?rest_route=%2Fwp%2Fv2%2Fcategories&post=87520"},{"taxonomy":"post_tag","embeddable":true,"href":"https:\/\/archive.sana.sy\/tr\/index.php?rest_route=%2Fwp%2Fv2%2Ftags&post=87520"}],"curies":[{"name":"wp","href":"https:\/\/api.w.org\/{rel}","templated":true}]}}