{"id":87525,"date":"2016-09-11T13:10:41","date_gmt":"2016-09-11T10:10:41","guid":{"rendered":"http:\/\/www.sana.sy\/tr\/?p=87525"},"modified":"2016-09-11T13:52:30","modified_gmt":"2016-09-11T10:52:30","slug":"kaynak-basarili-operasyonlarda-bir-kismi-zirhli-olan-bir-kismi-da-agir-silahlarla-donatilmis-onlarca-aracin-tasidiklari-teroristler-ve-cephaneyle-birlikte-imha-edildiklerini-aralarinda-saha-komutanl","status":"publish","type":"post","link":"https:\/\/archive.sana.sy\/tr\/?p=87525","title":{"rendered":"Kaynak ba\u015far\u0131l\u0131 operasyonlarda bir k\u0131sm\u0131 z\u0131rhl\u0131 olan, bir k\u0131sm\u0131 da a\u011f\u0131r silahlarla donat\u0131lm\u0131\u015f onlarca arac\u0131n ta\u015f\u0131d\u0131klar\u0131 ter\u00f6ristler ve cephaneyle birlikte imha edildiklerini, aralar\u0131nda saha komutanlar\u0131n\u0131n bulundu\u011fu y\u00fcksek say\u0131da ter\u00f6ristin de \u00f6ld\u00fcr\u00fcld\u00fc\u011f\u00fcn\u00fc kaydetti."},"content":{"rendered":"<p>Kaynak ba\u015far\u0131l\u0131 operasyonlarda bir k\u0131sm\u0131 z\u0131rhl\u0131 olan, bir k\u0131sm\u0131 da a\u011f\u0131r silahlarla donat\u0131lm\u0131\u015f onlarca arac\u0131n ta\u015f\u0131d\u0131klar\u0131 ter\u00f6ristler ve cephaneyle birlikte imha edildiklerini, aralar\u0131nda saha komutanlar\u0131n\u0131n bulundu\u011fu y\u00fcksek say\u0131da ter\u00f6ristin de \u00f6ld\u00fcr\u00fcld\u00fc\u011f\u00fcn\u00fc kaydetti.<\/p>\n","protected":false},"excerpt":{"rendered":"<p>Kaynak ba\u015far\u0131l\u0131 operasyonlarda bir k\u0131sm\u0131 z\u0131rhl\u0131 olan, bir k\u0131sm\u0131 da a\u011f\u0131r silahlarla donat\u0131lm\u0131\u015f onlarca arac\u0131n ta\u015f\u0131d\u0131klar\u0131 ter\u00f6ristler ve cephaneyle birlikte imha edildiklerini, aralar\u0131nda saha komutanlar\u0131n\u0131n bulundu\u011fu y\u00fcksek say\u0131da ter\u00f6ristin de \u00f6ld\u00fcr\u00fcld\u00fc\u011f\u00fcn\u00fc kaydetti.<\/p>\n","protected":false},"author":1,"featured_media":0,"comment_status":"closed","ping_status":"closed","sticky":false,"template":"","format":"standard","meta":{"footnotes":""},"categories":[17991],"tags":[],"class_list":["post-87525","post","type-post","status-publish","format-standard","","category-son-dakika"],"_links":{"self":[{"href":"https:\/\/archive.sana.sy\/tr\/index.php?rest_route=\/wp\/v2\/posts\/87525","targetHints":{"allow":["GET"]}}],"collection":[{"href":"https:\/\/archive.sana.sy\/tr\/index.php?rest_route=\/wp\/v2\/posts"}],"about":[{"href":"https:\/\/archive.sana.sy\/tr\/index.php?rest_route=\/wp\/v2\/types\/post"}],"author":[{"embeddable":true,"href":"https:\/\/archive.sana.sy\/tr\/index.php?rest_route=\/wp\/v2\/users\/1"}],"replies":[{"embeddable":true,"href":"https:\/\/archive.sana.sy\/tr\/index.php?rest_route=%2Fwp%2Fv2%2Fcomments&post=87525"}],"version-history":[{"count":0,"href":"https:\/\/archive.sana.sy\/tr\/index.php?rest_route=\/wp\/v2\/posts\/87525\/revisions"}],"wp:attachment":[{"href":"https:\/\/archive.sana.sy\/tr\/index.php?rest_route=%2Fwp%2Fv2%2Fmedia&parent=87525"}],"wp:term":[{"taxonomy":"category","embeddable":true,"href":"https:\/\/archive.sana.sy\/tr\/index.php?rest_route=%2Fwp%2Fv2%2Fcategories&post=87525"},{"taxonomy":"post_tag","embeddable":true,"href":"https:\/\/archive.sana.sy\/tr\/index.php?rest_route=%2Fwp%2Fv2%2Ftags&post=87525"}],"curies":[{"name":"wp","href":"https:\/\/api.w.org\/{rel}","templated":true}]}}