{"id":87547,"date":"2016-09-11T14:35:16","date_gmt":"2016-09-11T11:35:16","guid":{"rendered":"http:\/\/www.sana.sy\/tr\/?p=87547"},"modified":"2016-09-11T14:42:31","modified_gmt":"2016-09-11T11:42:31","slug":"basbakan-imad-hamis-baskanliginda-bugun-duzenlenen-kucultulmus-kabine-toplantisinda-ozel-ve-kamu-sanayi-sektorunun-durumu-masaya-yatirildi","status":"publish","type":"post","link":"https:\/\/archive.sana.sy\/tr\/?p=87547","title":{"rendered":"Ba\u015fbakan \u0130mad Hamis ba\u015fkanl\u0131\u011f\u0131nda bug\u00fcn d\u00fczenlenen  k\u00fc\u00e7\u00fclt\u00fclm\u00fc\u015f kabine toplant\u0131s\u0131nda \u00f6zel ve kamu sanayi sekt\u00f6r\u00fcn\u00fcn durumu masaya yat\u0131r\u0131ld\u0131"},"content":{"rendered":"<p>Ba\u015fbakan \u0130mad Hamis ba\u015fkanl\u0131\u011f\u0131nda bug\u00fcn d\u00fczenlenen \u00a0k\u00fc\u00e7\u00fclt\u00fclm\u00fc\u015f kabine toplant\u0131s\u0131nda \u00f6zel ve kamu sanayi sekt\u00f6r\u00fcn\u00fcn durumu masaya yat\u0131r\u0131ld\u0131<\/p>\n","protected":false},"excerpt":{"rendered":"<p>Ba\u015fbakan \u0130mad Hamis ba\u015fkanl\u0131\u011f\u0131nda bug\u00fcn d\u00fczenlenen \u00a0k\u00fc\u00e7\u00fclt\u00fclm\u00fc\u015f kabine toplant\u0131s\u0131nda \u00f6zel ve kamu sanayi sekt\u00f6r\u00fcn\u00fcn durumu masaya yat\u0131r\u0131ld\u0131<\/p>\n","protected":false},"author":1,"featured_media":0,"comment_status":"closed","ping_status":"closed","sticky":false,"template":"","format":"standard","meta":{"footnotes":""},"categories":[17991],"tags":[],"class_list":["post-87547","post","type-post","status-publish","format-standard","","category-son-dakika"],"_links":{"self":[{"href":"https:\/\/archive.sana.sy\/tr\/index.php?rest_route=\/wp\/v2\/posts\/87547","targetHints":{"allow":["GET"]}}],"collection":[{"href":"https:\/\/archive.sana.sy\/tr\/index.php?rest_route=\/wp\/v2\/posts"}],"about":[{"href":"https:\/\/archive.sana.sy\/tr\/index.php?rest_route=\/wp\/v2\/types\/post"}],"author":[{"embeddable":true,"href":"https:\/\/archive.sana.sy\/tr\/index.php?rest_route=\/wp\/v2\/users\/1"}],"replies":[{"embeddable":true,"href":"https:\/\/archive.sana.sy\/tr\/index.php?rest_route=%2Fwp%2Fv2%2Fcomments&post=87547"}],"version-history":[{"count":0,"href":"https:\/\/archive.sana.sy\/tr\/index.php?rest_route=\/wp\/v2\/posts\/87547\/revisions"}],"wp:attachment":[{"href":"https:\/\/archive.sana.sy\/tr\/index.php?rest_route=%2Fwp%2Fv2%2Fmedia&parent=87547"}],"wp:term":[{"taxonomy":"category","embeddable":true,"href":"https:\/\/archive.sana.sy\/tr\/index.php?rest_route=%2Fwp%2Fv2%2Fcategories&post=87547"},{"taxonomy":"post_tag","embeddable":true,"href":"https:\/\/archive.sana.sy\/tr\/index.php?rest_route=%2Fwp%2Fv2%2Ftags&post=87547"}],"curies":[{"name":"wp","href":"https:\/\/api.w.org\/{rel}","templated":true}]}}