{"id":87639,"date":"2016-09-12T11:50:54","date_gmt":"2016-09-12T08:50:54","guid":{"rendered":"http:\/\/www.sana.sy\/tr\/?p=87639"},"modified":"2016-09-12T11:59:28","modified_gmt":"2016-09-12T08:59:28","slug":"rusya-disisleri-bakani-yardimcisi-mikhail-bogdanov-suriyeliler-arasindaki-diyalog-gorusmelerinin-ekim-ayinin-baslarinda-yeniden-baslayabilecegini-belirtti","status":"publish","type":"post","link":"https:\/\/archive.sana.sy\/tr\/?p=87639","title":{"rendered":"Rusya D\u0131\u015fi\u015fleri Bakan\u0131 Yard\u0131mc\u0131s\u0131 Mikhail Bogdanov; Suriyeliler aras\u0131ndaki diyalog g\u00f6r\u00fc\u015fmelerinin, Ekim ay\u0131n\u0131n ba\u015flar\u0131nda yeniden ba\u015flayabilece\u011fini belirtti"},"content":{"rendered":"<p>Rusya D\u0131\u015fi\u015fleri Bakan\u0131 Yard\u0131mc\u0131s\u0131 Mikhail Bogdanov; Suriyeliler aras\u0131ndaki diyalog g\u00f6r\u00fc\u015fmelerinin, Ekim ay\u0131n\u0131n ba\u015flar\u0131nda yeniden ba\u015flayabilece\u011fini belirtti<\/p>\n","protected":false},"excerpt":{"rendered":"<p>Rusya D\u0131\u015fi\u015fleri Bakan\u0131 Yard\u0131mc\u0131s\u0131 Mikhail Bogdanov; Suriyeliler aras\u0131ndaki diyalog g\u00f6r\u00fc\u015fmelerinin, Ekim ay\u0131n\u0131n ba\u015flar\u0131nda yeniden ba\u015flayabilece\u011fini belirtti<\/p>\n","protected":false},"author":1,"featured_media":0,"comment_status":"closed","ping_status":"closed","sticky":false,"template":"","format":"standard","meta":{"footnotes":""},"categories":[17991],"tags":[],"class_list":["post-87639","post","type-post","status-publish","format-standard","","category-son-dakika"],"_links":{"self":[{"href":"https:\/\/archive.sana.sy\/tr\/index.php?rest_route=\/wp\/v2\/posts\/87639","targetHints":{"allow":["GET"]}}],"collection":[{"href":"https:\/\/archive.sana.sy\/tr\/index.php?rest_route=\/wp\/v2\/posts"}],"about":[{"href":"https:\/\/archive.sana.sy\/tr\/index.php?rest_route=\/wp\/v2\/types\/post"}],"author":[{"embeddable":true,"href":"https:\/\/archive.sana.sy\/tr\/index.php?rest_route=\/wp\/v2\/users\/1"}],"replies":[{"embeddable":true,"href":"https:\/\/archive.sana.sy\/tr\/index.php?rest_route=%2Fwp%2Fv2%2Fcomments&post=87639"}],"version-history":[{"count":0,"href":"https:\/\/archive.sana.sy\/tr\/index.php?rest_route=\/wp\/v2\/posts\/87639\/revisions"}],"wp:attachment":[{"href":"https:\/\/archive.sana.sy\/tr\/index.php?rest_route=%2Fwp%2Fv2%2Fmedia&parent=87639"}],"wp:term":[{"taxonomy":"category","embeddable":true,"href":"https:\/\/archive.sana.sy\/tr\/index.php?rest_route=%2Fwp%2Fv2%2Fcategories&post=87639"},{"taxonomy":"post_tag","embeddable":true,"href":"https:\/\/archive.sana.sy\/tr\/index.php?rest_route=%2Fwp%2Fv2%2Ftags&post=87639"}],"curies":[{"name":"wp","href":"https:\/\/api.w.org\/{rel}","templated":true}]}}