{"id":8766,"date":"2014-09-01T22:45:54","date_gmt":"2014-09-01T19:45:54","guid":{"rendered":"http:\/\/www.sana.sy\/tr\/?p=8766"},"modified":"2014-09-01T22:45:54","modified_gmt":"2014-09-01T19:45:54","slug":"suriye-isidin-iraktaki-katliamlarini-kinadi","status":"publish","type":"post","link":"https:\/\/archive.sana.sy\/tr\/?p=8766","title":{"rendered":"Suriye I\u015e\u0130D\u2019in Irak\u2019taki Katliamlar\u0131n\u0131 K\u0131nad\u0131"},"content":{"rendered":"<p>CENEVRE \u2013 Suriye, \u201cIrak ve \u015eam\u2019da \u0130slam Devleti\u201d (I\u015e\u0130D)\u2019in\u00a0 Irak halk\u0131na kar\u015f\u0131 i\u015fledi\u011fi katliamlar\u0131 k\u0131nayarak Irak H\u00fck\u00fcmetinin ter\u00f6re kar\u015f\u0131 m\u00fccadelesini desteklemeye devam edece\u011fini belirtti.<\/p>\n<p>Cenevre\u2019de BM Ofisinde Suriye\u2019ni Daimi Temsilcisi H\u00fcsamettin Ala, \u0130nsan Haklar\u0131 Komisyonunun Irak\u2019ta ya\u015fananlarla ilgili 22. \u00d6zel toplant\u0131s\u0131nda yapt\u0131\u011f\u0131 konu\u015fmada; I\u015e\u0130D ve di\u011fer ter\u00f6r gruplar\u0131n\u0131n i\u015fledi\u011fi katliamlarla ilgili \u0130nsan Haklar\u0131 Komisyonunun, a\u00e7\u0131k ve net bir k\u0131nama yay\u0131nlamas\u0131 gere\u011fine dikkat \u00e7ekti.<\/p>\n<p>G\u00fcvenlik Konseyinin, 2170 nolu karar\u0131nda itiraf etti\u011fi ter\u00f6r\u00fcn uzant\u0131lar\u0131n\u0131n tehlikelerine i\u015faret eden Ala;\u00a0 Suriye\u2019nin bu karar\u0131 ulusal egemenli\u011fe sayg\u0131 \u00e7er\u00e7evesinde uygulamaya haz\u0131r oldu\u011funu belirtti.<\/p>\n<p>Devletlerin, G\u00fcvenlik Konseyi Kararlar\u0131na kar\u015f\u0131 sorumluluk duymas\u0131 gerekti\u011finin alt\u0131n\u0131 \u00e7izen Ala; \u00f6zellikle insan haklar\u0131, silahs\u0131zlanma ve ter\u00f6r\u00fcn desteklenmemesi y\u00f6n\u00fcndeki kararlar\u0131n daha fazla hassasiyetle uygulanmas\u0131 gerekti\u011fini vurgulad\u0131.<\/p>\n","protected":false},"excerpt":{"rendered":"<p>CENEVRE \u2013 Suriye, \u201cIrak ve \u015eam\u2019da \u0130slam Devleti\u201d (I\u015e\u0130D)\u2019in\u00a0 Irak halk\u0131na kar\u015f\u0131 i\u015fledi\u011fi katliamlar\u0131 k\u0131nayarak Irak H\u00fck\u00fcmetinin ter\u00f6re kar\u015f\u0131 m\u00fccadelesini desteklemeye devam edece\u011fini belirtti. Cenevre\u2019de BM Ofisinde Suriye\u2019ni Daimi Temsilcisi H\u00fcsamettin Ala, \u0130nsan Haklar\u0131 Komisyonunun Irak\u2019ta ya\u015fananlarla ilgili 22. \u00d6zel toplant\u0131s\u0131nda yapt\u0131\u011f\u0131 konu\u015fmada; I\u015e\u0130D ve di\u011fer ter\u00f6r gruplar\u0131n\u0131n i\u015fledi\u011fi katliamlarla ilgili \u0130nsan Haklar\u0131 Komisyonunun, a\u00e7\u0131k &hellip;<\/p>\n","protected":false},"author":1,"featured_media":8762,"comment_status":"closed","ping_status":"closed","sticky":false,"template":"","format":"standard","meta":{"footnotes":""},"categories":[458,459,447],"tags":[1963],"class_list":["post-8766","post","type-post","status-publish","format-standard","has-post-thumbnail","","category-dunya1","category-haberler-arap-uluslararasi-politika","category-politika","tag-suriye-isidin-iraktaki-katliamlarini-kinadi"],"_links":{"self":[{"href":"https:\/\/archive.sana.sy\/tr\/index.php?rest_route=\/wp\/v2\/posts\/8766","targetHints":{"allow":["GET"]}}],"collection":[{"href":"https:\/\/archive.sana.sy\/tr\/index.php?rest_route=\/wp\/v2\/posts"}],"about":[{"href":"https:\/\/archive.sana.sy\/tr\/index.php?rest_route=\/wp\/v2\/types\/post"}],"author":[{"embeddable":true,"href":"https:\/\/archive.sana.sy\/tr\/index.php?rest_route=\/wp\/v2\/users\/1"}],"replies":[{"embeddable":true,"href":"https:\/\/archive.sana.sy\/tr\/index.php?rest_route=%2Fwp%2Fv2%2Fcomments&post=8766"}],"version-history":[{"count":0,"href":"https:\/\/archive.sana.sy\/tr\/index.php?rest_route=\/wp\/v2\/posts\/8766\/revisions"}],"wp:featuredmedia":[{"embeddable":true,"href":"https:\/\/archive.sana.sy\/tr\/index.php?rest_route=\/wp\/v2\/media\/8762"}],"wp:attachment":[{"href":"https:\/\/archive.sana.sy\/tr\/index.php?rest_route=%2Fwp%2Fv2%2Fmedia&parent=8766"}],"wp:term":[{"taxonomy":"category","embeddable":true,"href":"https:\/\/archive.sana.sy\/tr\/index.php?rest_route=%2Fwp%2Fv2%2Fcategories&post=8766"},{"taxonomy":"post_tag","embeddable":true,"href":"https:\/\/archive.sana.sy\/tr\/index.php?rest_route=%2Fwp%2Fv2%2Ftags&post=8766"}],"curies":[{"name":"wp","href":"https:\/\/api.w.org\/{rel}","templated":true}]}}