{"id":8770,"date":"2014-09-01T23:52:31","date_gmt":"2014-09-01T20:52:31","guid":{"rendered":"http:\/\/www.sana.sy\/tr\/?p=8770"},"modified":"2014-09-01T23:52:31","modified_gmt":"2014-09-01T20:52:31","slug":"uluslararasi-anlasmalara-iliskin-calistay-basladi","status":"publish","type":"post","link":"https:\/\/archive.sana.sy\/tr\/?p=8770","title":{"rendered":"Uluslararas\u0131 Anla\u015fmalara \u0130li\u015fkin \u00c7al\u0131\u015ftay Ba\u015flad\u0131"},"content":{"rendered":"<p>\u015eAM \u2013 Adalet Bakanl\u0131\u011f\u0131, Suriye Aile \u0130\u015fleri Kurumu ve UNICEF ile i\u015fbirli\u011fi i\u00e7erisinde kad\u0131na kar\u015f\u0131 her t\u00fcrl\u00fc ayr\u0131mc\u0131l\u0131\u011fa kar\u015f\u0131 uluslararas\u0131 anla\u015fmalara \u00c7ocuk haklar\u0131na kad\u0131n ve engellilere kar\u015f\u0131 her t\u00fcrl\u00fc ayr\u0131mc\u0131l\u0131\u011f\u0131n sona ermesi ile ilgili uluslararas\u0131 anla\u015fmalara ili\u015fkin bir \u00e7al\u0131\u015ftay d\u00fczenledi.<\/p>\n<p>\u00dc\u00e7 g\u00fcn s\u00fcrecek \u00e7al\u0131\u015ftay \u00e7al\u0131\u015fmalar\u0131 Yarg\u0131 Y\u00fcksek Enstit\u00fcs\u00fc \u00f6\u011frencilerine uluslararas\u0131 anla\u015fmalar\u0131n insan haklar\u0131 ile ilgili bentlerinin anlat\u0131lmas\u0131n\u0131n yan\u0131 s\u0131ra bu anla\u015fmalar\u0131n imzalanmas\u0131ndaki ad\u0131mlar ve getirdikleri sorumluluklara ili\u015fkin bilgilendirmeyi de ama\u00e7l\u0131yor.<\/p>\n<p>\u00c7al\u0131\u015ftay\u0131n a\u00e7\u0131l\u0131\u015f konu\u015fmas\u0131n\u0131 yapan Adalet Bakan\u0131 Necm el Ahmet;\u00a0 bu \u00e7al\u0131\u015ftay\u0131n, silahl\u0131 ter\u00f6r gruplar\u0131n\u0131n \u00fc\u00e7 y\u0131ld\u0131r Suriye\u2019ye dayatt\u0131\u011f\u0131\u00a0 \u00fcsluba ili\u015fkin anlat\u0131m ve i\u00e7eri\u011fi itibariyle b\u00fcy\u00fck bir \u00f6nem ta\u015f\u0131d\u0131\u011f\u0131na i\u015faret ederek Suriye&#8217;de \u00fc\u00e7 y\u0131ld\u0131r kad\u0131n-erkek, gen\u00e7-ya\u015fl\u0131, asker-sivil ayr\u0131m\u0131 yapmaks\u0131z\u0131n insanl\u0131k tarihinde utan\u00e7 kayna\u011f\u0131 olacak katliamlar i\u015flendi\u011finin alt\u0131n\u0131 \u00e7izdi.<\/p>\n<div id='gallery-1' class='gallery galleryid-8770 gallery-columns-2 gallery-size-thumbnail'><figure class='gallery-item'>\n\t\t\t<div class='gallery-icon landscape'>\n\t\t\t\t<a href='https:\/\/archive.sana.sy\/tr\/wp-content\/uploads\/2014\/09\/kad\u0131n-ve-\u00e7ocuk-haklar\u0131-3.jpg'><img loading=\"lazy\" decoding=\"async\" width=\"150\" height=\"94\" src=\"https:\/\/archive.sana.sy\/tr\/wp-content\/uploads\/2014\/09\/kad\u0131n-ve-\u00e7ocuk-haklar\u0131-3-150x94.jpg\" class=\"attachment-thumbnail size-thumbnail\" alt=\"\" srcset=\"https:\/\/archive.sana.sy\/tr\/wp-content\/uploads\/2014\/09\/kad\u0131n-ve-\u00e7ocuk-haklar\u0131-3-150x94.jpg 150w, https:\/\/archive.sana.sy\/tr\/wp-content\/uploads\/2014\/09\/kad\u0131n-ve-\u00e7ocuk-haklar\u0131-3-300x189.jpg 300w, https:\/\/archive.sana.sy\/tr\/wp-content\/uploads\/2014\/09\/kad\u0131n-ve-\u00e7ocuk-haklar\u0131-3-1024x645.jpg 1024w\" sizes=\"auto, (max-width: 150px) 100vw, 150px\" \/><\/a>\n\t\t\t<\/div><\/figure><figure class='gallery-item'>\n\t\t\t<div class='gallery-icon landscape'>\n\t\t\t\t<a href='https:\/\/archive.sana.sy\/tr\/wp-content\/uploads\/2014\/09\/kad\u0131n-ve-\u00e7ocuk-haklar\u0131-2.jpg'><img loading=\"lazy\" decoding=\"async\" width=\"150\" height=\"94\" src=\"https:\/\/archive.sana.sy\/tr\/wp-content\/uploads\/2014\/09\/kad\u0131n-ve-\u00e7ocuk-haklar\u0131-2-150x94.jpg\" class=\"attachment-thumbnail size-thumbnail\" alt=\"\" srcset=\"https:\/\/archive.sana.sy\/tr\/wp-content\/uploads\/2014\/09\/kad\u0131n-ve-\u00e7ocuk-haklar\u0131-2-150x94.jpg 150w, https:\/\/archive.sana.sy\/tr\/wp-content\/uploads\/2014\/09\/kad\u0131n-ve-\u00e7ocuk-haklar\u0131-2-300x189.jpg 300w, https:\/\/archive.sana.sy\/tr\/wp-content\/uploads\/2014\/09\/kad\u0131n-ve-\u00e7ocuk-haklar\u0131-2-1024x645.jpg 1024w\" sizes=\"auto, (max-width: 150px) 100vw, 150px\" \/><\/a>\n\t\t\t<\/div><\/figure>\n\t\t<\/div>\n\n","protected":false},"excerpt":{"rendered":"<p>\u015eAM \u2013 Adalet Bakanl\u0131\u011f\u0131, Suriye Aile \u0130\u015fleri Kurumu ve UNICEF ile i\u015fbirli\u011fi i\u00e7erisinde kad\u0131na kar\u015f\u0131 her t\u00fcrl\u00fc ayr\u0131mc\u0131l\u0131\u011fa kar\u015f\u0131 uluslararas\u0131 anla\u015fmalara \u00c7ocuk haklar\u0131na kad\u0131n ve engellilere kar\u015f\u0131 her t\u00fcrl\u00fc ayr\u0131mc\u0131l\u0131\u011f\u0131n sona ermesi ile ilgili uluslararas\u0131 anla\u015fmalara ili\u015fkin bir \u00e7al\u0131\u015ftay d\u00fczenledi. \u00dc\u00e7 g\u00fcn s\u00fcrecek \u00e7al\u0131\u015ftay \u00e7al\u0131\u015fmalar\u0131 Yarg\u0131 Y\u00fcksek Enstit\u00fcs\u00fc \u00f6\u011frencilerine uluslararas\u0131 anla\u015fmalar\u0131n insan haklar\u0131 ile ilgili &hellip;<\/p>\n","protected":false},"author":1,"featured_media":8763,"comment_status":"closed","ping_status":"closed","sticky":false,"template":"","format":"standard","meta":{"footnotes":""},"categories":[479,525,478],"tags":[1965],"class_list":["post-8770","post","type-post","status-publish","format-standard","has-post-thumbnail","","category-haberler-yerel","category-toplum","category-yerel","tag-uluslararasi-anlasmalara-iliskin-calistay-basladi"],"_links":{"self":[{"href":"https:\/\/archive.sana.sy\/tr\/index.php?rest_route=\/wp\/v2\/posts\/8770","targetHints":{"allow":["GET"]}}],"collection":[{"href":"https:\/\/archive.sana.sy\/tr\/index.php?rest_route=\/wp\/v2\/posts"}],"about":[{"href":"https:\/\/archive.sana.sy\/tr\/index.php?rest_route=\/wp\/v2\/types\/post"}],"author":[{"embeddable":true,"href":"https:\/\/archive.sana.sy\/tr\/index.php?rest_route=\/wp\/v2\/users\/1"}],"replies":[{"embeddable":true,"href":"https:\/\/archive.sana.sy\/tr\/index.php?rest_route=%2Fwp%2Fv2%2Fcomments&post=8770"}],"version-history":[{"count":0,"href":"https:\/\/archive.sana.sy\/tr\/index.php?rest_route=\/wp\/v2\/posts\/8770\/revisions"}],"wp:featuredmedia":[{"embeddable":true,"href":"https:\/\/archive.sana.sy\/tr\/index.php?rest_route=\/wp\/v2\/media\/8763"}],"wp:attachment":[{"href":"https:\/\/archive.sana.sy\/tr\/index.php?rest_route=%2Fwp%2Fv2%2Fmedia&parent=8770"}],"wp:term":[{"taxonomy":"category","embeddable":true,"href":"https:\/\/archive.sana.sy\/tr\/index.php?rest_route=%2Fwp%2Fv2%2Fcategories&post=8770"},{"taxonomy":"post_tag","embeddable":true,"href":"https:\/\/archive.sana.sy\/tr\/index.php?rest_route=%2Fwp%2Fv2%2Ftags&post=8770"}],"curies":[{"name":"wp","href":"https:\/\/api.w.org\/{rel}","templated":true}]}}