{"id":87716,"date":"2016-09-12T13:13:52","date_gmt":"2016-09-12T10:13:52","guid":{"rendered":"http:\/\/www.sana.sy\/tr\/?p=87716"},"modified":"2016-09-12T15:44:13","modified_gmt":"2016-09-12T12:44:13","slug":"basbakan-imad-hamis-bugun-kurban-bayrami-munasebetiyle-samdaki-sehit-yusuf-el-azme-hastanesinde-tedavi-goren-yarali-askerlerimizi-ziyaret-edip-bayramlarini-kutladi","status":"publish","type":"post","link":"https:\/\/archive.sana.sy\/tr\/?p=87716","title":{"rendered":"Ba\u015fbakan \u0130mad Hamis bug\u00fcn kurban bayram\u0131 m\u00fcnasebetiyle \u015eam\u2019daki \u015eehit Yusuf el Azme Hastanesinde tedavi g\u00f6ren yaral\u0131 askerlerimizi ziyaret edip bayramlar\u0131n\u0131 kutlad\u0131"},"content":{"rendered":"<p>Ba\u015fbakan \u0130mad Hamis bug\u00fcn kurban bayram\u0131 m\u00fcnasebetiyle \u015eam\u2019daki \u015eehit Yusuf el Azme Hastanesinde tedavi g\u00f6ren yaral\u0131 askerlerimizi ziyaret edip bayramlar\u0131n\u0131 kutlad\u0131<\/p>\n","protected":false},"excerpt":{"rendered":"<p>Ba\u015fbakan \u0130mad Hamis bug\u00fcn kurban bayram\u0131 m\u00fcnasebetiyle \u015eam\u2019daki \u015eehit Yusuf el Azme Hastanesinde tedavi g\u00f6ren yaral\u0131 askerlerimizi ziyaret edip bayramlar\u0131n\u0131 kutlad\u0131<\/p>\n","protected":false},"author":1,"featured_media":0,"comment_status":"closed","ping_status":"closed","sticky":false,"template":"","format":"standard","meta":{"footnotes":""},"categories":[17991],"tags":[],"class_list":["post-87716","post","type-post","status-publish","format-standard","","category-son-dakika"],"_links":{"self":[{"href":"https:\/\/archive.sana.sy\/tr\/index.php?rest_route=\/wp\/v2\/posts\/87716","targetHints":{"allow":["GET"]}}],"collection":[{"href":"https:\/\/archive.sana.sy\/tr\/index.php?rest_route=\/wp\/v2\/posts"}],"about":[{"href":"https:\/\/archive.sana.sy\/tr\/index.php?rest_route=\/wp\/v2\/types\/post"}],"author":[{"embeddable":true,"href":"https:\/\/archive.sana.sy\/tr\/index.php?rest_route=\/wp\/v2\/users\/1"}],"replies":[{"embeddable":true,"href":"https:\/\/archive.sana.sy\/tr\/index.php?rest_route=%2Fwp%2Fv2%2Fcomments&post=87716"}],"version-history":[{"count":0,"href":"https:\/\/archive.sana.sy\/tr\/index.php?rest_route=\/wp\/v2\/posts\/87716\/revisions"}],"wp:attachment":[{"href":"https:\/\/archive.sana.sy\/tr\/index.php?rest_route=%2Fwp%2Fv2%2Fmedia&parent=87716"}],"wp:term":[{"taxonomy":"category","embeddable":true,"href":"https:\/\/archive.sana.sy\/tr\/index.php?rest_route=%2Fwp%2Fv2%2Fcategories&post=87716"},{"taxonomy":"post_tag","embeddable":true,"href":"https:\/\/archive.sana.sy\/tr\/index.php?rest_route=%2Fwp%2Fv2%2Ftags&post=87716"}],"curies":[{"name":"wp","href":"https:\/\/api.w.org\/{rel}","templated":true}]}}