{"id":87729,"date":"2016-09-12T19:24:53","date_gmt":"2016-09-12T16:24:53","guid":{"rendered":"http:\/\/www.sana.sy\/tr\/?p=87729"},"modified":"2016-09-12T19:30:04","modified_gmt":"2016-09-12T16:30:04","slug":"genel-komutanlik-bugun-yayinladigi-ve-sananin-bir-nushasini-aldigi-beyanda-suriye-arap-cumhuriyeti-topraklarinda-12-eylul-pazartesi-gunu-saat-1900dan-18-09-2016-pazar-gunu-saat-23","status":"publish","type":"post","link":"https:\/\/archive.sana.sy\/tr\/?p=87729","title":{"rendered":"Genel Komutanl\u0131k bug\u00fcn yay\u0131nlad\u0131\u011f\u0131 ve SANA\u2019n\u0131n bir n\u00fcshas\u0131n\u0131 ald\u0131\u011f\u0131 beyanda; Suriye Arap Cumhuriyeti topraklar\u0131nda 12 Eyl\u00fcl Pazartesi g\u00fcn\u00fc saat 19:00\u2019dan 18-09-2016 Pazar g\u00fcn\u00fc saat 23:59\u2019a dek 7 g\u00fcn s\u00fcreli\u011fine \u00e7at\u0131\u015fmalar\u0131n durduruldu\u011funu ilan etti."},"content":{"rendered":"<p>Genel Komutanl\u0131k bug\u00fcn yay\u0131nlad\u0131\u011f\u0131 ve SANA\u2019n\u0131n bir n\u00fcshas\u0131n\u0131 ald\u0131\u011f\u0131 beyanda; Suriye Arap Cumhuriyeti topraklar\u0131nda 12 Eyl\u00fcl Pazartesi g\u00fcn\u00fc saat 19:00\u2019dan 18-09-2016 Pazar g\u00fcn\u00fc saat 23:59\u2019a dek 7 g\u00fcn s\u00fcreli\u011fine \u00e7at\u0131\u015fmalar\u0131n durduruldu\u011funu ilan etti.<\/p>\n","protected":false},"excerpt":{"rendered":"<p>Genel Komutanl\u0131k bug\u00fcn yay\u0131nlad\u0131\u011f\u0131 ve SANA\u2019n\u0131n bir n\u00fcshas\u0131n\u0131 ald\u0131\u011f\u0131 beyanda; Suriye Arap Cumhuriyeti topraklar\u0131nda 12 Eyl\u00fcl Pazartesi g\u00fcn\u00fc saat 19:00\u2019dan 18-09-2016 Pazar g\u00fcn\u00fc saat 23:59\u2019a dek 7 g\u00fcn s\u00fcreli\u011fine \u00e7at\u0131\u015fmalar\u0131n durduruldu\u011funu ilan etti.<\/p>\n","protected":false},"author":1,"featured_media":0,"comment_status":"closed","ping_status":"closed","sticky":false,"template":"","format":"standard","meta":{"footnotes":""},"categories":[1],"tags":[],"class_list":["post-87729","post","type-post","status-publish","format-standard","","category-news-not-sorted"],"_links":{"self":[{"href":"https:\/\/archive.sana.sy\/tr\/index.php?rest_route=\/wp\/v2\/posts\/87729","targetHints":{"allow":["GET"]}}],"collection":[{"href":"https:\/\/archive.sana.sy\/tr\/index.php?rest_route=\/wp\/v2\/posts"}],"about":[{"href":"https:\/\/archive.sana.sy\/tr\/index.php?rest_route=\/wp\/v2\/types\/post"}],"author":[{"embeddable":true,"href":"https:\/\/archive.sana.sy\/tr\/index.php?rest_route=\/wp\/v2\/users\/1"}],"replies":[{"embeddable":true,"href":"https:\/\/archive.sana.sy\/tr\/index.php?rest_route=%2Fwp%2Fv2%2Fcomments&post=87729"}],"version-history":[{"count":0,"href":"https:\/\/archive.sana.sy\/tr\/index.php?rest_route=\/wp\/v2\/posts\/87729\/revisions"}],"wp:attachment":[{"href":"https:\/\/archive.sana.sy\/tr\/index.php?rest_route=%2Fwp%2Fv2%2Fmedia&parent=87729"}],"wp:term":[{"taxonomy":"category","embeddable":true,"href":"https:\/\/archive.sana.sy\/tr\/index.php?rest_route=%2Fwp%2Fv2%2Fcategories&post=87729"},{"taxonomy":"post_tag","embeddable":true,"href":"https:\/\/archive.sana.sy\/tr\/index.php?rest_route=%2Fwp%2Fv2%2Ftags&post=87729"}],"curies":[{"name":"wp","href":"https:\/\/api.w.org\/{rel}","templated":true}]}}