{"id":87731,"date":"2016-09-12T19:28:30","date_gmt":"2016-09-12T16:28:30","guid":{"rendered":"http:\/\/www.sana.sy\/tr\/?p=87731"},"modified":"2016-09-12T19:30:46","modified_gmt":"2016-09-12T16:30:46","slug":"genel-komutanlik-silahli-gruplar-tarafindan-meydana-gelecek-herhangi-bir-ihlale-karsi-suriye-ordusunun-uygun-gordugu-her-turlu-karsiligi-verme-hakkinin-sakli-oldugunun-altini-cizdi","status":"publish","type":"post","link":"https:\/\/archive.sana.sy\/tr\/?p=87731","title":{"rendered":"Genel komutanl\u0131k; silahl\u0131 gruplar taraf\u0131ndan meydana gelecek herhangi bir ihlale kar\u015f\u0131 Suriye ordusunun uygun g\u00f6rd\u00fc\u011f\u00fc her t\u00fcrl\u00fc kar\u015f\u0131l\u0131\u011f\u0131 verme hakk\u0131n\u0131n sakl\u0131 oldu\u011funun alt\u0131n\u0131 \u00e7izdi"},"content":{"rendered":"<p>Genel komutanl\u0131k; silahl\u0131 gruplar taraf\u0131ndan meydana gelecek herhangi bir ihlale kar\u015f\u0131 Suriye ordusunun uygun g\u00f6rd\u00fc\u011f\u00fc her t\u00fcrl\u00fc kar\u015f\u0131l\u0131\u011f\u0131 verme hakk\u0131n\u0131n sakl\u0131 oldu\u011funun alt\u0131n\u0131 \u00e7izdi<\/p>\n","protected":false},"excerpt":{"rendered":"<p>Genel komutanl\u0131k; silahl\u0131 gruplar taraf\u0131ndan meydana gelecek herhangi bir ihlale kar\u015f\u0131 Suriye ordusunun uygun g\u00f6rd\u00fc\u011f\u00fc her t\u00fcrl\u00fc kar\u015f\u0131l\u0131\u011f\u0131 verme hakk\u0131n\u0131n sakl\u0131 oldu\u011funun alt\u0131n\u0131 \u00e7izdi<\/p>\n","protected":false},"author":1,"featured_media":0,"comment_status":"closed","ping_status":"closed","sticky":false,"template":"","format":"standard","meta":{"footnotes":""},"categories":[17991],"tags":[],"class_list":["post-87731","post","type-post","status-publish","format-standard","","category-son-dakika"],"_links":{"self":[{"href":"https:\/\/archive.sana.sy\/tr\/index.php?rest_route=\/wp\/v2\/posts\/87731","targetHints":{"allow":["GET"]}}],"collection":[{"href":"https:\/\/archive.sana.sy\/tr\/index.php?rest_route=\/wp\/v2\/posts"}],"about":[{"href":"https:\/\/archive.sana.sy\/tr\/index.php?rest_route=\/wp\/v2\/types\/post"}],"author":[{"embeddable":true,"href":"https:\/\/archive.sana.sy\/tr\/index.php?rest_route=\/wp\/v2\/users\/1"}],"replies":[{"embeddable":true,"href":"https:\/\/archive.sana.sy\/tr\/index.php?rest_route=%2Fwp%2Fv2%2Fcomments&post=87731"}],"version-history":[{"count":0,"href":"https:\/\/archive.sana.sy\/tr\/index.php?rest_route=\/wp\/v2\/posts\/87731\/revisions"}],"wp:attachment":[{"href":"https:\/\/archive.sana.sy\/tr\/index.php?rest_route=%2Fwp%2Fv2%2Fmedia&parent=87731"}],"wp:term":[{"taxonomy":"category","embeddable":true,"href":"https:\/\/archive.sana.sy\/tr\/index.php?rest_route=%2Fwp%2Fv2%2Fcategories&post=87731"},{"taxonomy":"post_tag","embeddable":true,"href":"https:\/\/archive.sana.sy\/tr\/index.php?rest_route=%2Fwp%2Fv2%2Ftags&post=87731"}],"curies":[{"name":"wp","href":"https:\/\/api.w.org\/{rel}","templated":true}]}}