{"id":87742,"date":"2016-09-13T09:50:59","date_gmt":"2016-09-13T06:50:59","guid":{"rendered":"http:\/\/www.sana.sy\/tr\/?p=87742"},"modified":"2016-09-13T12:33:20","modified_gmt":"2016-09-13T09:33:20","slug":"ordu-ve-silahli-kuvvetler-genel-komutanligi-kaide-orgutunun-suriye-kolu-nusra-cephesi-ve-catisi-altindaki-teroristlere-destek-ve-yonlendirmelerde-bulunan-dusman-israile-ait-bir-savas-ucagi-v","status":"publish","type":"post","link":"https:\/\/archive.sana.sy\/tr\/?p=87742","title":{"rendered":"Ordu ve Silahl\u0131 Kuvvetler Genel Komutanl\u0131\u011f\u0131, Kaide \u00d6rg\u00fct\u00fcn\u00fcn Suriye kolu Nusra Cephesi ve \u00e7at\u0131s\u0131 alt\u0131ndaki ter\u00f6ristlere destek ve y\u00f6nlendirmelerde bulunan d\u00fc\u015fman \u0130srail\u2019e ait bir sava\u015f u\u00e7a\u011f\u0131 ve bir casusluk u\u00e7a\u011f\u0131n\u0131n ordu birliklerimiz taraf\u0131ndan d\u00fc\u015f\u00fcr\u00fcld\u00fc\u011f\u00fcn\u00fc belirtti"},"content":{"rendered":"<p>Ordu ve Silahl\u0131 Kuvvetler Genel Komutanl\u0131\u011f\u0131, Kaide \u00d6rg\u00fct\u00fcn\u00fcn Suriye kolu Nusra Cephesi ve \u00e7at\u0131s\u0131 alt\u0131ndaki ter\u00f6ristlere destek ve y\u00f6nlendirmelerde bulunan d\u00fc\u015fman \u0130srail\u2019e ait bir sava\u015f u\u00e7a\u011f\u0131 ve bir casusluk u\u00e7a\u011f\u0131n\u0131n ordu birliklerimiz taraf\u0131ndan d\u00fc\u015f\u00fcr\u00fcld\u00fc\u011f\u00fcn\u00fc belirtti<\/p>\n","protected":false},"excerpt":{"rendered":"<p>Ordu ve Silahl\u0131 Kuvvetler Genel Komutanl\u0131\u011f\u0131, Kaide \u00d6rg\u00fct\u00fcn\u00fcn Suriye kolu Nusra Cephesi ve \u00e7at\u0131s\u0131 alt\u0131ndaki ter\u00f6ristlere destek ve y\u00f6nlendirmelerde bulunan d\u00fc\u015fman \u0130srail\u2019e ait bir sava\u015f u\u00e7a\u011f\u0131 ve bir casusluk u\u00e7a\u011f\u0131n\u0131n ordu birliklerimiz taraf\u0131ndan d\u00fc\u015f\u00fcr\u00fcld\u00fc\u011f\u00fcn\u00fc belirtti<\/p>\n","protected":false},"author":1,"featured_media":0,"comment_status":"closed","ping_status":"closed","sticky":false,"template":"","format":"standard","meta":{"footnotes":""},"categories":[17991],"tags":[],"class_list":["post-87742","post","type-post","status-publish","format-standard","","category-son-dakika"],"_links":{"self":[{"href":"https:\/\/archive.sana.sy\/tr\/index.php?rest_route=\/wp\/v2\/posts\/87742","targetHints":{"allow":["GET"]}}],"collection":[{"href":"https:\/\/archive.sana.sy\/tr\/index.php?rest_route=\/wp\/v2\/posts"}],"about":[{"href":"https:\/\/archive.sana.sy\/tr\/index.php?rest_route=\/wp\/v2\/types\/post"}],"author":[{"embeddable":true,"href":"https:\/\/archive.sana.sy\/tr\/index.php?rest_route=\/wp\/v2\/users\/1"}],"replies":[{"embeddable":true,"href":"https:\/\/archive.sana.sy\/tr\/index.php?rest_route=%2Fwp%2Fv2%2Fcomments&post=87742"}],"version-history":[{"count":0,"href":"https:\/\/archive.sana.sy\/tr\/index.php?rest_route=\/wp\/v2\/posts\/87742\/revisions"}],"wp:attachment":[{"href":"https:\/\/archive.sana.sy\/tr\/index.php?rest_route=%2Fwp%2Fv2%2Fmedia&parent=87742"}],"wp:term":[{"taxonomy":"category","embeddable":true,"href":"https:\/\/archive.sana.sy\/tr\/index.php?rest_route=%2Fwp%2Fv2%2Fcategories&post=87742"},{"taxonomy":"post_tag","embeddable":true,"href":"https:\/\/archive.sana.sy\/tr\/index.php?rest_route=%2Fwp%2Fv2%2Ftags&post=87742"}],"curies":[{"name":"wp","href":"https:\/\/api.w.org\/{rel}","templated":true}]}}