{"id":87828,"date":"2016-09-13T15:13:54","date_gmt":"2016-09-13T12:13:54","guid":{"rendered":"http:\/\/www.sana.sy\/tr\/?p=87828"},"modified":"2016-09-13T15:44:20","modified_gmt":"2016-09-13T12:44:20","slug":"disisleri-ve-gurbetciler-bakanliginda-yetkili-bir-kaynak-sanaya-aciklamasinda-ozellikle-bes-yildir-teroristlere-her-turlu-yardim-ve-destegi-temin-eden-turkiye-rejimi-tarafindan-olmak-uzere-s","status":"publish","type":"post","link":"https:\/\/archive.sana.sy\/tr\/?p=87828","title":{"rendered":"D\u0131\u015fi\u015fleri ve Gurbet\u00e7iler Bakanl\u0131\u011f\u0131nda yetkili bir kaynak SANA\u2019ya a\u00e7\u0131klamas\u0131nda; \u00f6zellikle be\u015f y\u0131ld\u0131r ter\u00f6ristlere her t\u00fcrl\u00fc yard\u0131m ve deste\u011fi temin eden T\u00fcrkiye rejimi taraf\u0131ndan olmak \u00fczere Suriye h\u00fck\u00fcmeti ve BM ile koordinasyon olmaks\u0131z\u0131n Halep\u2019e \u2018insani yard\u0131m\u2019 ge\u00e7irilmesini reddetti\u011fini ilan etti"},"content":{"rendered":"<p>D\u0131\u015fi\u015fleri ve Gurbet\u00e7iler Bakanl\u0131\u011f\u0131nda yetkili bir kaynak SANA\u2019ya a\u00e7\u0131klamas\u0131nda; \u00f6zellikle be\u015f y\u0131ld\u0131r ter\u00f6ristlere her t\u00fcrl\u00fc yard\u0131m ve deste\u011fi temin eden T\u00fcrkiye rejimi taraf\u0131ndan olmak \u00fczere Suriye h\u00fck\u00fcmeti ve BM ile koordinasyon olmaks\u0131z\u0131n Halep\u2019e \u2018insani yard\u0131m\u2019 ge\u00e7irilmesini reddetti\u011fini ilan etti<\/p>\n","protected":false},"excerpt":{"rendered":"<p>D\u0131\u015fi\u015fleri ve Gurbet\u00e7iler Bakanl\u0131\u011f\u0131nda yetkili bir kaynak SANA\u2019ya a\u00e7\u0131klamas\u0131nda; \u00f6zellikle be\u015f y\u0131ld\u0131r ter\u00f6ristlere her t\u00fcrl\u00fc yard\u0131m ve deste\u011fi temin eden T\u00fcrkiye rejimi taraf\u0131ndan olmak \u00fczere Suriye h\u00fck\u00fcmeti ve BM ile koordinasyon olmaks\u0131z\u0131n Halep\u2019e \u2018insani yard\u0131m\u2019 ge\u00e7irilmesini reddetti\u011fini ilan etti<\/p>\n","protected":false},"author":1,"featured_media":0,"comment_status":"closed","ping_status":"closed","sticky":false,"template":"","format":"standard","meta":{"footnotes":""},"categories":[17991],"tags":[],"class_list":["post-87828","post","type-post","status-publish","format-standard","","category-son-dakika"],"_links":{"self":[{"href":"https:\/\/archive.sana.sy\/tr\/index.php?rest_route=\/wp\/v2\/posts\/87828","targetHints":{"allow":["GET"]}}],"collection":[{"href":"https:\/\/archive.sana.sy\/tr\/index.php?rest_route=\/wp\/v2\/posts"}],"about":[{"href":"https:\/\/archive.sana.sy\/tr\/index.php?rest_route=\/wp\/v2\/types\/post"}],"author":[{"embeddable":true,"href":"https:\/\/archive.sana.sy\/tr\/index.php?rest_route=\/wp\/v2\/users\/1"}],"replies":[{"embeddable":true,"href":"https:\/\/archive.sana.sy\/tr\/index.php?rest_route=%2Fwp%2Fv2%2Fcomments&post=87828"}],"version-history":[{"count":0,"href":"https:\/\/archive.sana.sy\/tr\/index.php?rest_route=\/wp\/v2\/posts\/87828\/revisions"}],"wp:attachment":[{"href":"https:\/\/archive.sana.sy\/tr\/index.php?rest_route=%2Fwp%2Fv2%2Fmedia&parent=87828"}],"wp:term":[{"taxonomy":"category","embeddable":true,"href":"https:\/\/archive.sana.sy\/tr\/index.php?rest_route=%2Fwp%2Fv2%2Fcategories&post=87828"},{"taxonomy":"post_tag","embeddable":true,"href":"https:\/\/archive.sana.sy\/tr\/index.php?rest_route=%2Fwp%2Fv2%2Ftags&post=87828"}],"curies":[{"name":"wp","href":"https:\/\/api.w.org\/{rel}","templated":true}]}}