{"id":87845,"date":"2016-09-13T16:08:42","date_gmt":"2016-09-13T13:08:42","guid":{"rendered":"http:\/\/www.sana.sy\/tr\/?p=87845"},"modified":"2016-09-14T17:00:11","modified_gmt":"2016-09-14T14:00:11","slug":"hukumet-heyeti-halepte-gorevini-icra-ediyor","status":"publish","type":"post","link":"https:\/\/archive.sana.sy\/tr\/?p=87845","title":{"rendered":"H\u00fck\u00fcmet Heyeti Halep\u2019te G\u00f6revini \u0130cra Ediyor"},"content":{"rendered":"<p>HALEP \u2013 Yerel \u0130dare ve \u00c7evre Bakan\u0131 H\u00fcseyin Mahluf, Turizm Bakan\u0131 Bu\u015fr el Yaz\u0131c\u0131, Sa\u011fl\u0131k Bakan\u0131 Nizar Yaz\u0131c\u0131 ve Halep Valisi H\u00fcseyin Diyab bug\u00fcn Halep\u2019te hizmet durumlar\u0131n\u0131 masaya yat\u0131rd\u0131.<\/p>\n<p><a href=\"http:\/\/www.sana.sy\/tr\/wp-content\/uploads\/2016\/09\/0-11.jpg\"><img loading=\"lazy\" decoding=\"async\" class=\"alignright wp-image-87853 size-medium\" src=\"http:\/\/www.sana.sy\/tr\/wp-content\/uploads\/2016\/09\/0-11-300x182.jpg\" alt=\"0\" width=\"300\" height=\"182\" srcset=\"https:\/\/archive.sana.sy\/tr\/wp-content\/uploads\/2016\/09\/0-11-300x182.jpg 300w, https:\/\/archive.sana.sy\/tr\/wp-content\/uploads\/2016\/09\/0-11-150x91.jpg 150w, https:\/\/archive.sana.sy\/tr\/wp-content\/uploads\/2016\/09\/0-11-768x466.jpg 768w, https:\/\/archive.sana.sy\/tr\/wp-content\/uploads\/2016\/09\/0-11-1024x622.jpg 1024w\" sizes=\"auto, (max-width: 300px) 100vw, 300px\" \/><\/a>Halep Valili\u011fi binas\u0131nda meydana gelen toplant\u0131da Vali Diyab Halep\u2019te mevcut hizmet durumlar\u0131na ili\u015fkin bir sunum takdim ederken, bir k\u0131s\u0131m y\u00f6nlerde mevcut eksiklikler nedeniyle bu durumlar\u0131n istenildi\u011fi d\u00fczeyde iyi olmad\u0131\u011f\u0131n\u0131 kaydetti. Vali Diyab hizmet durumlar\u0131n\u0131n yak\u0131ndan ve s\u0131k\u0131 bir \u015fekilde denetlendi\u011fine i\u015faret ederek, eksiklerin giderilmesi ve hizmetlerin geli\u015ftirilmesi y\u00f6n\u00fcnde yo\u011fun \u00e7abalar\u0131n devam edece\u011fini s\u00f6yledi.<\/p>\n<p>Yerel \u0130dare ve \u00c7evre Bakan\u0131 Mahluf ise Halep\u2019e gezileri ve bulunduklar\u0131 \u00e7abalar\u0131n h\u00fck\u00fcmetin t\u00fcm b\u00f6lgelerde vatanda\u015flar\u0131n ihtiya\u00e7lar\u0131n\u0131n kar\u015f\u0131lanmas\u0131 y\u00f6nlendirmeleri \u00e7er\u00e7evesinde geldi\u011fini s\u00f6yledi.<\/p>\n<p>Halep\u2019te muhtelif hizmet daireleri m\u00fcd\u00fcrlerinin de kat\u0131ld\u0131klar\u0131 toplant\u0131da; Halep\u2019te hizmet durumlar\u0131n\u0131 geli\u015ftirme ama\u00e7l\u0131 t\u00fcm gereksinimlerin temin edilece\u011fi kaydedildi.<\/p>\n<p>Bakanlar Konseyinin Halep\u2019te durumlar\u0131 iyile\u015ftirmek i\u00e7in gereken \u00e7al\u0131\u015fmalar\u0131 yapmakla g\u00f6revlendirdi\u011fi h\u00fck\u00fcmet heyeti bir k\u0131s\u0131m hizmet dairesini ziyaret ederek incelemelerde bulundu.<\/p>\n<div id='gallery-1' class='gallery galleryid-87845 gallery-columns-3 gallery-size-thumbnail'><figure class='gallery-item'>\n\t\t\t<div class='gallery-icon landscape'>\n\t\t\t\t<a href='https:\/\/archive.sana.sy\/tr\/wp-content\/uploads\/2016\/09\/4-27.jpg'><img loading=\"lazy\" decoding=\"async\" width=\"150\" height=\"88\" src=\"https:\/\/archive.sana.sy\/tr\/wp-content\/uploads\/2016\/09\/4-27-150x88.jpg\" class=\"attachment-thumbnail size-thumbnail\" alt=\"\" srcset=\"https:\/\/archive.sana.sy\/tr\/wp-content\/uploads\/2016\/09\/4-27-150x88.jpg 150w, https:\/\/archive.sana.sy\/tr\/wp-content\/uploads\/2016\/09\/4-27-300x177.jpg 300w, https:\/\/archive.sana.sy\/tr\/wp-content\/uploads\/2016\/09\/4-27-768x452.jpg 768w, https:\/\/archive.sana.sy\/tr\/wp-content\/uploads\/2016\/09\/4-27-1024x602.jpg 1024w\" sizes=\"auto, (max-width: 150px) 100vw, 150px\" \/><\/a>\n\t\t\t<\/div><\/figure><figure class='gallery-item'>\n\t\t\t<div class='gallery-icon landscape'>\n\t\t\t\t<a href='https:\/\/archive.sana.sy\/tr\/wp-content\/uploads\/2016\/09\/1-40.jpg'><img loading=\"lazy\" decoding=\"async\" width=\"150\" height=\"96\" src=\"https:\/\/archive.sana.sy\/tr\/wp-content\/uploads\/2016\/09\/1-40-150x96.jpg\" class=\"attachment-thumbnail size-thumbnail\" alt=\"\" srcset=\"https:\/\/archive.sana.sy\/tr\/wp-content\/uploads\/2016\/09\/1-40-150x96.jpg 150w, https:\/\/archive.sana.sy\/tr\/wp-content\/uploads\/2016\/09\/1-40-300x192.jpg 300w, https:\/\/archive.sana.sy\/tr\/wp-content\/uploads\/2016\/09\/1-40-768x490.jpg 768w, https:\/\/archive.sana.sy\/tr\/wp-content\/uploads\/2016\/09\/1-40-1024x654.jpg 1024w\" sizes=\"auto, (max-width: 150px) 100vw, 150px\" \/><\/a>\n\t\t\t<\/div><\/figure><figure class='gallery-item'>\n\t\t\t<div class='gallery-icon landscape'>\n\t\t\t\t<a href='https:\/\/archive.sana.sy\/tr\/wp-content\/uploads\/2016\/09\/2-38.jpg'><img loading=\"lazy\" decoding=\"async\" width=\"150\" height=\"99\" src=\"https:\/\/archive.sana.sy\/tr\/wp-content\/uploads\/2016\/09\/2-38-150x99.jpg\" class=\"attachment-thumbnail size-thumbnail\" alt=\"\" srcset=\"https:\/\/archive.sana.sy\/tr\/wp-content\/uploads\/2016\/09\/2-38-150x99.jpg 150w, https:\/\/archive.sana.sy\/tr\/wp-content\/uploads\/2016\/09\/2-38-300x198.jpg 300w, https:\/\/archive.sana.sy\/tr\/wp-content\/uploads\/2016\/09\/2-38-768x508.jpg 768w, https:\/\/archive.sana.sy\/tr\/wp-content\/uploads\/2016\/09\/2-38-1024x677.jpg 1024w, https:\/\/archive.sana.sy\/tr\/wp-content\/uploads\/2016\/09\/2-38-310x205.jpg 310w\" sizes=\"auto, (max-width: 150px) 100vw, 150px\" \/><\/a>\n\t\t\t<\/div><\/figure>\n\t\t<\/div>\n\n","protected":false},"excerpt":{"rendered":"<p>HALEP \u2013 Yerel \u0130dare ve \u00c7evre Bakan\u0131 H\u00fcseyin Mahluf, Turizm Bakan\u0131 Bu\u015fr el Yaz\u0131c\u0131, Sa\u011fl\u0131k Bakan\u0131 Nizar Yaz\u0131c\u0131 ve Halep Valisi H\u00fcseyin Diyab bug\u00fcn Halep\u2019te hizmet durumlar\u0131n\u0131 masaya yat\u0131rd\u0131. Halep Valili\u011fi binas\u0131nda meydana gelen toplant\u0131da Vali Diyab Halep\u2019te mevcut hizmet durumlar\u0131na ili\u015fkin bir sunum takdim ederken, bir k\u0131s\u0131m y\u00f6nlerde mevcut eksiklikler nedeniyle bu durumlar\u0131n istenildi\u011fi &hellip;<\/p>\n","protected":false},"author":1,"featured_media":87849,"comment_status":"closed","ping_status":"closed","sticky":false,"template":"","format":"standard","meta":{"footnotes":""},"categories":[479,17988,478],"tags":[21186,23916,23915,23913,23914,4121,21185,23912],"class_list":["post-87845","post","type-post","status-publish","format-standard","has-post-thumbnail","","category-haberler-yerel","category-son-haberler","category-yerel","tag-busr-yazici","tag-halepte-hizmet-durumlari","tag-halepte-insnai-durumlar","tag-huzeyin-mahluf","tag-nizar-hammud","tag-saglik-bakani","tag-turizm-bakani","tag-yerel-idare-ve-cevre-bakani"],"_links":{"self":[{"href":"https:\/\/archive.sana.sy\/tr\/index.php?rest_route=\/wp\/v2\/posts\/87845","targetHints":{"allow":["GET"]}}],"collection":[{"href":"https:\/\/archive.sana.sy\/tr\/index.php?rest_route=\/wp\/v2\/posts"}],"about":[{"href":"https:\/\/archive.sana.sy\/tr\/index.php?rest_route=\/wp\/v2\/types\/post"}],"author":[{"embeddable":true,"href":"https:\/\/archive.sana.sy\/tr\/index.php?rest_route=\/wp\/v2\/users\/1"}],"replies":[{"embeddable":true,"href":"https:\/\/archive.sana.sy\/tr\/index.php?rest_route=%2Fwp%2Fv2%2Fcomments&post=87845"}],"version-history":[{"count":0,"href":"https:\/\/archive.sana.sy\/tr\/index.php?rest_route=\/wp\/v2\/posts\/87845\/revisions"}],"wp:featuredmedia":[{"embeddable":true,"href":"https:\/\/archive.sana.sy\/tr\/index.php?rest_route=\/wp\/v2\/media\/87849"}],"wp:attachment":[{"href":"https:\/\/archive.sana.sy\/tr\/index.php?rest_route=%2Fwp%2Fv2%2Fmedia&parent=87845"}],"wp:term":[{"taxonomy":"category","embeddable":true,"href":"https:\/\/archive.sana.sy\/tr\/index.php?rest_route=%2Fwp%2Fv2%2Fcategories&post=87845"},{"taxonomy":"post_tag","embeddable":true,"href":"https:\/\/archive.sana.sy\/tr\/index.php?rest_route=%2Fwp%2Fv2%2Ftags&post=87845"}],"curies":[{"name":"wp","href":"https:\/\/api.w.org\/{rel}","templated":true}]}}