{"id":8791,"date":"2014-09-03T10:00:08","date_gmt":"2014-09-03T07:00:08","guid":{"rendered":"http:\/\/www.sana.sy\/tr\/?p=8791"},"modified":"2014-09-03T11:39:40","modified_gmt":"2014-09-03T08:39:40","slug":"teroristler-olduruldu-saldirilari-cokertildi-bomba-duzenekleri-imha-edildi","status":"publish","type":"post","link":"https:\/\/archive.sana.sy\/tr\/?p=8791","title":{"rendered":"Ter\u00f6ristler \u00d6ld\u00fcr\u00fcld\u00fc, Sald\u0131r\u0131lar\u0131 \u00c7\u00f6kertildi, Bomba D\u00fczenekleri \u0130mha Edildi"},"content":{"rendered":"<p>\u0130LLER \u2013 Kahraman ordu birliklerimizin ter\u00f6rle m\u00fccadele operasyonlar\u0131 muhtelif b\u00f6lgelerde t\u00fcm h\u0131z\u0131yla s\u00fcrerken ter\u00f6ristlerin a\u011f\u0131r kay\u0131plar\u0131 devam ediyor.<\/p>\n<p><span style=\"color: #0000ff\">\u015eam K\u0131rsal\u0131nda Ter\u00f6ristlerin S\u0131zma Giri\u015fimleri \u00c7\u00f6kertildi<\/span><\/p>\n<p>Askeri kaynak, ordu birliklerimizin Cobar\u2019da b\u00fcr h\u00fccre dahilinde baz\u0131 ter\u00f6ristlerin \u00f6ld\u00fcr\u00fcld\u00fc\u011f\u00fcn\u00fc, el yap\u0131m\u0131 havan mermilerinin ve roket f\u00fczelerin at\u0131ld\u0131\u011f\u0131 \u00e7ok say\u0131da rampan\u0131n f\u0131rlat\u0131lmaya haz\u0131r onlarca mermiyle birlikte ele ge\u00e7irildi\u011fini, ter\u00f6ristlerin dahilinde korunduklar\u0131 Cobar ortalar\u0131nda \u00e7ok say\u0131da bina ve Arap evleri yan\u0131 s\u0131ra ter\u00f6ristlerin uzaktan patlatmak amac\u0131yla evlere yerle\u015ftirdi\u011fi \u00e7ok say\u0131da bomba d\u00fczene\u011fini de etkisiz hale getirdiklerini s\u00f6yledi.<\/p>\n<div style=\"width: 618px;\" class=\"wp-video\"><!--[if lt IE 9]><script>document.createElement('video');<\/script><![endif]-->\n<video class=\"wp-video-shortcode\" id=\"video-8791-1\" width=\"618\" height=\"348\" preload=\"metadata\" controls=\"controls\"><source type=\"video\/x-flv\" src=\"http:\/\/www.sana.sy\/tr\/wp-content\/uploads\/2014\/09\/Cobar-02-09-2014.flv?_=1\" \/><a href=\"http:\/\/www.sana.sy\/tr\/wp-content\/uploads\/2014\/09\/Cobar-02-09-2014.flv\">http:\/\/www.sana.sy\/tr\/wp-content\/uploads\/2014\/09\/Cobar-02-09-2014.flv<\/a><\/video><\/div>\n<p>Zamalka, Vadi Ayn Terma ve Arbin\u2019de de bir ka\u00e7 operasyon d\u00fczenleyen ordu birliklerimiz, \u00e7ok say\u0131da ter\u00f6risti \u00f6l\u00fc ve yaral\u0131 d\u00fc\u015f\u00fcrd\u00fc, bir ba\u015fka birli\u011fimiz de Duma B\u00f6lgesi Aliya Mezralar\u0131nda d\u00fczenledi\u011fi operasyonda baz\u0131 ter\u00f6ristleri \u00f6l\u00fc ve yaral\u0131 d\u00fc\u015f\u00fcrd\u00fc.<\/p>\n<p>Zebedani kenti el Mahatta Semtinde de i\u00e7indeki silah ve cephaneyle birlikte bir h\u00fccre imha edilirken \u00e7ok say\u0131da ter\u00f6rist \u00f6ld\u00fcr\u00fcld\u00fc, ordu birliklerimiz ayr\u0131ca, \u015eam k\u0131rsal\u0131 Kalamun Da\u011flar\u0131 Arsal el Verd ve Ras el Maara\u2019da ter\u00f6ristlerle girdikleri \u00e7at\u0131\u015fmalarda baz\u0131 ter\u00f6ristleri \u00f6l\u00fc ve yaral\u0131 d\u00fc\u015f\u00fcrd\u00fc.<\/p>\n<p>Kaynak ordu birliklerimizin \u015eam\u2019\u0131n g\u00fcney K\u0131rsal\u0131ndaki Han el \u015eih ve H\u00fcseyniye\u2019de ter\u00f6ristlerin toplanma merkezlerini hedef almas\u0131 sonucunda \u00e7ok say\u0131da ter\u00f6risti \u00f6l\u00fc ve yaral\u0131 d\u00fc\u015f\u00fcrd\u00fcklerini ifade etti.<\/p>\n<p>Birliklerimizin ayr\u0131ca Han el \u015eih\u2019te ter\u00f6ristlerin s\u0131zma giri\u015fimlerini \u00e7\u00f6kerterek baz\u0131 ter\u00f6ristleri \u00f6l\u00fc ve yaral\u0131 d\u00fc\u015f\u00fcrd\u00fcklerini, i\u00e7indeki silah ve cephaneyle birlikte bir h\u00fccrelerini de imha ettiklerini belirtti.<\/p>\n<p>Kaynak, kahraman ordu birliklerimizin \u015eam K\u0131rsal\u0131 Han el \u015eih Beldesi el Zuhur ve Fusul el Erbaa Caddelerinden el Selam Otoban\u0131na do\u011fru s\u0131zma giri\u015fimlerini \u00e7\u00f6kerterek ter\u00f6ristlerin \u00e7o\u011funu \u00f6l\u00fc ve yaral\u0131 d\u00fc\u015f\u00fcrd\u00fcklerini s\u00f6yledi.<\/p>\n<p>Kaynak, Saasa, H\u00fcseyniye Mezralar\u0131 ve el Neccar Mezras\u0131 B\u00f6lgelerinde bir dizi operasyonun d\u00fczenlenmesi sonucunda i\u00e7indeki silah ve cephaneyle birlikte baz\u0131 ter\u00f6ristlerin \u00f6l\u00fc ve yaral\u0131 d\u00fc\u015f\u00fcr\u00fcld\u00fc\u011f\u00fcn\u00fc ekledi.<\/p>\n<p>Kaynak, Zakiye\u2019de de bir ordu birli\u011fimizin bir ter\u00f6r grubunu hedef almas\u0131 sonucunda \u00e7ok say\u0131da ter\u00f6risti \u00f6l\u00fc ve yaral\u0131 d\u00fc\u015f\u00fcrd\u00fcklerini ifade etti.<\/p>\n<p><span style=\"color: #0000ff\">Halep ve K\u0131rsal\u0131nda Ara\u00e7lar\u0131yla \u0130mha Ediliyorlar<\/span><\/p>\n<p>Askeri kaynak ordu birliklerimizin Halep Kentinin Zehra, Eski Halep ve Kad\u0131 Asker semtlerine ilaveten k\u0131rsala d\u00fc\u015fen Hanas\u0131r, Sfeyra, Marei, Um el Kura ve Ovram b\u00f6lgelerinde ter\u00f6ristlerin yuva ve karargahlar\u0131n\u0131 bir dizi nitelikli operasyonla hedef ald\u0131klar\u0131n\u0131 belirtti.<\/p>\n<p>Kaynak operasyonlarda aralar\u0131nda yabanc\u0131 ve eleba\u015flar\u0131n bulundu\u011fu onlarca ter\u00f6ristin \u00f6l\u00fc yaral\u0131 d\u00fc\u015f\u00fcr\u00fcld\u00fc\u011f\u00fcn\u00fc, bir k\u0131sm\u0131 a\u011f\u0131r makineli silahlarla donat\u0131lm\u0131\u015f bir\u00e7ok ara\u00e7lar\u0131n\u0131n da imha edildi\u011fini aktard\u0131.<\/p>\n<p><span style=\"color: #0000ff\">Kunaytra K\u0131rsal\u0131nda Ter\u00f6ristlerin S\u0131zma Giri\u015fimleri \u00c7\u00f6kertildi<\/span><\/p>\n<p>Askeri kaynak ordu birliklerimizin biri Kunaytra k\u0131rsal\u0131 Haz\u0131rciye Mezralar\u0131 ve \u00e7evresinden Saasa Beldesi y\u00f6n\u00fcne di\u011feriyse el Hicce Beldesi y\u00f6n\u00fcnden Kovm el Ba\u015fa\u2019ya do\u011fru ter\u00f6ristlerin s\u0131zma giri\u015fimlerini \u00e7\u00f6kerterek \u00e7ok say\u0131da ter\u00f6risti \u00f6l\u00fc ve yaral\u0131 d\u00fc\u015f\u00fcrd\u00fcklerini belirtti.<\/p>\n<p>Kaynak, ordu birliklerimizin Kunaytra Hastanesi \u00e7evresi ile kentteki el Alam Bulvar\u0131n\u0131n g\u00fcneyi, Um el Kitam\u2019\u0131n g\u00fcneydo\u011fusu, Bat\u0131 Samadaniye, Acraf, Ruveyhine Camii yak\u0131nlar\u0131, Mumtenne K\u00f6y\u00fc taraflar\u0131 ve Kodna Camii \u00e7evresinde ter\u00f6ristlerin toplanma merkezlerini hedef ald\u0131klar\u0131n\u0131 belirterek \u00e7ok say\u0131da ter\u00f6risti \u00f6l\u00fc ve yaral\u0131 d\u00fc\u015f\u00fcrd\u00fcklerini baz\u0131 ara\u00e7lar\u0131n\u0131 da imha ettiklerini s\u00f6yledi.<\/p>\n<p>\u00d6te yandan bir ordu birli\u011fimiz Kunaytran\u0131n do\u011fusundaki MTN noktas\u0131 yak\u0131nlar\u0131nda a\u011f\u0131r taramal\u0131 silahlarla donat\u0131lm\u0131\u015f ter\u00f6ristlerin 2 ara\u00e7lar\u0131n\u0131 imha etti.<\/p>\n<p><span style=\"color: #0000ff\">Dera K\u0131rsal\u0131nda D\u00fczenlenen Operasyonlarda \u00c7ok Say\u0131da Ter\u00f6rist \u00d6ld\u00fcr\u00fcld\u00fc<\/span><\/p>\n<p>Askeri kaynak ordu birliklerimizin Dera k\u0131rsal\u0131 Tel el Cumu, Yaduda Beldesi, Yaduda-Dera Yolu, Neva ve Atman\u2019da d\u00fczenledikleri bir dizi operasyon sonucunda \u00e7ok say\u0131da ter\u00f6ristin \u00f6l\u00fc ve yaral\u0131 d\u00fc\u015f\u00fcr\u00fcld\u00fcklerini a\u00e7\u0131klad\u0131.<\/p>\n<p><span style=\"color: #0000ff\">\u0130dlib K\u0131rsal\u0131nda Askeri Noktalara Sald\u0131r\u0131 Giri\u015fimleri \u00c7\u00f6kertildi<\/span><\/p>\n<p>Askeri kaynak, ordu birliklerimizin \u0130dlib k\u0131rsal\u0131 Maarrat el Numan ile Vadi el Dayf ve el Hamidiye kamplar\u0131 \u00e7evresindeki askeri noktalara y\u00f6nelik ter\u00f6ristlerin sald\u0131r\u0131 giri\u015fimlerini \u00e7\u00f6kerterek \u00e7ok say\u0131da ter\u00f6risti \u00f6ld\u00fcrd\u00fcklerini 3 z\u0131rhl\u0131 ara\u00e7lar\u0131n\u0131 ve baz\u0131lar\u0131 a\u011f\u0131r ve hafif taramal\u0131 silahlarla donat\u0131lm\u0131\u015f bir ka\u00e7 ara\u00e7lar\u0131n\u0131 imha ettiklerini s\u00f6yledi.<\/p>\n<p>Kaynak, kahraman ordu birliklerimizin \u0130dlib k\u0131rsal\u0131 Abu el Duhur Havaalan\u0131 kuzeyinde bulunan baz\u0131 K\u00f6y ve Mezralarda a\u011f\u0131rl\u0131klar\u0131 50-100 kg aras\u0131nda de\u011fi\u015fen 10 bomba d\u00fczene\u011fi ile 8 kablolu bomba d\u00fczene\u011fini etkisiz hale getirdiklerini s\u00f6yledi.<\/p>\n<p>\u0130dlib k\u0131rsal\u0131n\u0131n Ayn Kreyi B\u00f6lgesi yak\u0131nlar\u0131nda onlarca ter\u00f6risti \u00f6l\u00fc yaral\u0131 d\u00fc\u015f\u00fcren ordu birliklerimiz Harem Karayolu ve Hac\u0131 Hammud \u00c7iftli\u011fi yak\u0131nlar\u0131nda biri a\u011f\u0131r makineli silahla donat\u0131lm\u0131\u015f iki ara\u00e7lar\u0131n\u0131 imha etti.<\/p>\n<p><span style=\"color: #0000ff\">Homs K\u0131rsal\u0131nda Ter\u00f6ristlerin Toplanma Merkezleri Hedef Al\u0131nd\u0131<\/span><\/p>\n<p>Askeri kaynak, ordu birliklerimizin Homs k\u0131rsal\u0131 Tellet el Beduv, Tel Abu el Senabil, Um \u015eer\u015fuh, Fav\u00e7avu\u015f K\u00f6y\u00fc ve el Cezl Petrol kuyusu yak\u0131nlar\u0131nda bulunan ter\u00f6ristlerin toplanma merkezlerini hedef almalar\u0131 sonucunda \u00e7ok say\u0131da ter\u00f6risti \u00f6l\u00fc ve yaral\u0131 d\u00fc\u015f\u00fcrd\u00fcklerini ifade etti.<\/p>\n<p style=\"text-align: center\"><strong><span style=\"color: #0000ff\">COBAR<\/span><\/strong><\/p>\n<div id='gallery-1' class='gallery galleryid-8791 gallery-columns-3 gallery-size-thumbnail'><figure class='gallery-item'>\n\t\t\t<div class='gallery-icon landscape'>\n\t\t\t\t<a href='https:\/\/archive.sana.sy\/tr\/?attachment_id=8909'><img loading=\"lazy\" decoding=\"async\" width=\"150\" height=\"99\" src=\"https:\/\/archive.sana.sy\/tr\/wp-content\/uploads\/2014\/09\/Cobar-02-09-2014-13-150x99.jpg\" class=\"attachment-thumbnail size-thumbnail\" alt=\"\" srcset=\"https:\/\/archive.sana.sy\/tr\/wp-content\/uploads\/2014\/09\/Cobar-02-09-2014-13-150x99.jpg 150w, https:\/\/archive.sana.sy\/tr\/wp-content\/uploads\/2014\/09\/Cobar-02-09-2014-13-300x198.jpg 300w, https:\/\/archive.sana.sy\/tr\/wp-content\/uploads\/2014\/09\/Cobar-02-09-2014-13.jpg 643w\" sizes=\"auto, (max-width: 150px) 100vw, 150px\" \/><\/a>\n\t\t\t<\/div><\/figure><figure class='gallery-item'>\n\t\t\t<div class='gallery-icon landscape'>\n\t\t\t\t<a href='https:\/\/archive.sana.sy\/tr\/?attachment_id=8910'><img loading=\"lazy\" decoding=\"async\" width=\"150\" height=\"95\" src=\"https:\/\/archive.sana.sy\/tr\/wp-content\/uploads\/2014\/09\/Cobar-02-09-2014-150x95.jpg\" class=\"attachment-thumbnail size-thumbnail\" alt=\"\" srcset=\"https:\/\/archive.sana.sy\/tr\/wp-content\/uploads\/2014\/09\/Cobar-02-09-2014-150x95.jpg 150w, https:\/\/archive.sana.sy\/tr\/wp-content\/uploads\/2014\/09\/Cobar-02-09-2014-300x190.jpg 300w, https:\/\/archive.sana.sy\/tr\/wp-content\/uploads\/2014\/09\/Cobar-02-09-2014.jpg 685w\" sizes=\"auto, (max-width: 150px) 100vw, 150px\" \/><\/a>\n\t\t\t<\/div><\/figure><figure class='gallery-item'>\n\t\t\t<div class='gallery-icon landscape'>\n\t\t\t\t<a href='https:\/\/archive.sana.sy\/tr\/?attachment_id=8911'><img loading=\"lazy\" decoding=\"async\" width=\"150\" height=\"105\" src=\"https:\/\/archive.sana.sy\/tr\/wp-content\/uploads\/2014\/09\/Cobar-02-09-2014-1-150x105.jpg\" class=\"attachment-thumbnail size-thumbnail\" alt=\"\" srcset=\"https:\/\/archive.sana.sy\/tr\/wp-content\/uploads\/2014\/09\/Cobar-02-09-2014-1-150x105.jpg 150w, https:\/\/archive.sana.sy\/tr\/wp-content\/uploads\/2014\/09\/Cobar-02-09-2014-1-300x210.jpg 300w, https:\/\/archive.sana.sy\/tr\/wp-content\/uploads\/2014\/09\/Cobar-02-09-2014-1.jpg 615w\" sizes=\"auto, (max-width: 150px) 100vw, 150px\" \/><\/a>\n\t\t\t<\/div><\/figure><figure class='gallery-item'>\n\t\t\t<div class='gallery-icon landscape'>\n\t\t\t\t<a href='https:\/\/archive.sana.sy\/tr\/?attachment_id=8912'><img loading=\"lazy\" decoding=\"async\" width=\"150\" height=\"106\" src=\"https:\/\/archive.sana.sy\/tr\/wp-content\/uploads\/2014\/09\/Cobar-02-09-2014-2-150x106.jpg\" class=\"attachment-thumbnail size-thumbnail\" alt=\"\" srcset=\"https:\/\/archive.sana.sy\/tr\/wp-content\/uploads\/2014\/09\/Cobar-02-09-2014-2-150x106.jpg 150w, https:\/\/archive.sana.sy\/tr\/wp-content\/uploads\/2014\/09\/Cobar-02-09-2014-2-300x212.jpg 300w, https:\/\/archive.sana.sy\/tr\/wp-content\/uploads\/2014\/09\/Cobar-02-09-2014-2.jpg 612w\" sizes=\"auto, (max-width: 150px) 100vw, 150px\" \/><\/a>\n\t\t\t<\/div><\/figure><figure class='gallery-item'>\n\t\t\t<div class='gallery-icon landscape'>\n\t\t\t\t<a href='https:\/\/archive.sana.sy\/tr\/?attachment_id=8913'><img loading=\"lazy\" decoding=\"async\" width=\"150\" height=\"98\" src=\"https:\/\/archive.sana.sy\/tr\/wp-content\/uploads\/2014\/09\/Cobar-02-09-2014-3-150x98.jpg\" class=\"attachment-thumbnail size-thumbnail\" alt=\"\" srcset=\"https:\/\/archive.sana.sy\/tr\/wp-content\/uploads\/2014\/09\/Cobar-02-09-2014-3-150x98.jpg 150w, https:\/\/archive.sana.sy\/tr\/wp-content\/uploads\/2014\/09\/Cobar-02-09-2014-3-300x196.jpg 300w, https:\/\/archive.sana.sy\/tr\/wp-content\/uploads\/2014\/09\/Cobar-02-09-2014-3.jpg 668w\" sizes=\"auto, (max-width: 150px) 100vw, 150px\" \/><\/a>\n\t\t\t<\/div><\/figure><figure class='gallery-item'>\n\t\t\t<div class='gallery-icon landscape'>\n\t\t\t\t<a href='https:\/\/archive.sana.sy\/tr\/?attachment_id=8914'><img loading=\"lazy\" decoding=\"async\" width=\"150\" height=\"97\" src=\"https:\/\/archive.sana.sy\/tr\/wp-content\/uploads\/2014\/09\/Cobar-02-09-2014-4-150x97.jpg\" class=\"attachment-thumbnail size-thumbnail\" alt=\"\" srcset=\"https:\/\/archive.sana.sy\/tr\/wp-content\/uploads\/2014\/09\/Cobar-02-09-2014-4-150x97.jpg 150w, https:\/\/archive.sana.sy\/tr\/wp-content\/uploads\/2014\/09\/Cobar-02-09-2014-4-300x195.jpg 300w, https:\/\/archive.sana.sy\/tr\/wp-content\/uploads\/2014\/09\/Cobar-02-09-2014-4.jpg 669w\" sizes=\"auto, (max-width: 150px) 100vw, 150px\" \/><\/a>\n\t\t\t<\/div><\/figure><figure class='gallery-item'>\n\t\t\t<div class='gallery-icon landscape'>\n\t\t\t\t<a href='https:\/\/archive.sana.sy\/tr\/?attachment_id=8915'><img loading=\"lazy\" decoding=\"async\" width=\"150\" height=\"105\" src=\"https:\/\/archive.sana.sy\/tr\/wp-content\/uploads\/2014\/09\/Cobar-02-09-2014-5-150x105.jpg\" class=\"attachment-thumbnail size-thumbnail\" alt=\"\" srcset=\"https:\/\/archive.sana.sy\/tr\/wp-content\/uploads\/2014\/09\/Cobar-02-09-2014-5-150x105.jpg 150w, https:\/\/archive.sana.sy\/tr\/wp-content\/uploads\/2014\/09\/Cobar-02-09-2014-5-300x210.jpg 300w, https:\/\/archive.sana.sy\/tr\/wp-content\/uploads\/2014\/09\/Cobar-02-09-2014-5.jpg 615w\" sizes=\"auto, (max-width: 150px) 100vw, 150px\" \/><\/a>\n\t\t\t<\/div><\/figure><figure class='gallery-item'>\n\t\t\t<div class='gallery-icon landscape'>\n\t\t\t\t<a href='https:\/\/archive.sana.sy\/tr\/?attachment_id=8916'><img loading=\"lazy\" decoding=\"async\" width=\"150\" height=\"102\" src=\"https:\/\/archive.sana.sy\/tr\/wp-content\/uploads\/2014\/09\/Cobar-02-09-2014-6-150x102.jpg\" class=\"attachment-thumbnail size-thumbnail\" alt=\"\" srcset=\"https:\/\/archive.sana.sy\/tr\/wp-content\/uploads\/2014\/09\/Cobar-02-09-2014-6-150x102.jpg 150w, https:\/\/archive.sana.sy\/tr\/wp-content\/uploads\/2014\/09\/Cobar-02-09-2014-6-300x205.jpg 300w, https:\/\/archive.sana.sy\/tr\/wp-content\/uploads\/2014\/09\/Cobar-02-09-2014-6.jpg 637w\" sizes=\"auto, (max-width: 150px) 100vw, 150px\" \/><\/a>\n\t\t\t<\/div><\/figure><figure class='gallery-item'>\n\t\t\t<div class='gallery-icon landscape'>\n\t\t\t\t<a href='https:\/\/archive.sana.sy\/tr\/?attachment_id=8917'><img loading=\"lazy\" decoding=\"async\" width=\"150\" height=\"99\" src=\"https:\/\/archive.sana.sy\/tr\/wp-content\/uploads\/2014\/09\/Cobar-02-09-2014-7-150x99.jpg\" class=\"attachment-thumbnail size-thumbnail\" alt=\"\" srcset=\"https:\/\/archive.sana.sy\/tr\/wp-content\/uploads\/2014\/09\/Cobar-02-09-2014-7-150x99.jpg 150w, https:\/\/archive.sana.sy\/tr\/wp-content\/uploads\/2014\/09\/Cobar-02-09-2014-7-300x199.jpg 300w, https:\/\/archive.sana.sy\/tr\/wp-content\/uploads\/2014\/09\/Cobar-02-09-2014-7.jpg 647w\" sizes=\"auto, (max-width: 150px) 100vw, 150px\" \/><\/a>\n\t\t\t<\/div><\/figure><figure class='gallery-item'>\n\t\t\t<div class='gallery-icon landscape'>\n\t\t\t\t<a href='https:\/\/archive.sana.sy\/tr\/?attachment_id=8918'><img loading=\"lazy\" decoding=\"async\" width=\"150\" height=\"109\" src=\"https:\/\/archive.sana.sy\/tr\/wp-content\/uploads\/2014\/09\/Cobar-02-09-2014-8-150x109.jpg\" class=\"attachment-thumbnail size-thumbnail\" alt=\"\" srcset=\"https:\/\/archive.sana.sy\/tr\/wp-content\/uploads\/2014\/09\/Cobar-02-09-2014-8-150x109.jpg 150w, https:\/\/archive.sana.sy\/tr\/wp-content\/uploads\/2014\/09\/Cobar-02-09-2014-8-300x219.jpg 300w, https:\/\/archive.sana.sy\/tr\/wp-content\/uploads\/2014\/09\/Cobar-02-09-2014-8.jpg 597w\" sizes=\"auto, (max-width: 150px) 100vw, 150px\" \/><\/a>\n\t\t\t<\/div><\/figure><figure class='gallery-item'>\n\t\t\t<div class='gallery-icon landscape'>\n\t\t\t\t<a href='https:\/\/archive.sana.sy\/tr\/?attachment_id=8919'><img loading=\"lazy\" decoding=\"async\" width=\"150\" height=\"101\" src=\"https:\/\/archive.sana.sy\/tr\/wp-content\/uploads\/2014\/09\/Cobar-02-09-2014-9-150x101.jpg\" class=\"attachment-thumbnail size-thumbnail\" alt=\"\" srcset=\"https:\/\/archive.sana.sy\/tr\/wp-content\/uploads\/2014\/09\/Cobar-02-09-2014-9-150x101.jpg 150w, https:\/\/archive.sana.sy\/tr\/wp-content\/uploads\/2014\/09\/Cobar-02-09-2014-9-300x203.jpg 300w, https:\/\/archive.sana.sy\/tr\/wp-content\/uploads\/2014\/09\/Cobar-02-09-2014-9.jpg 641w\" sizes=\"auto, (max-width: 150px) 100vw, 150px\" \/><\/a>\n\t\t\t<\/div><\/figure><figure class='gallery-item'>\n\t\t\t<div class='gallery-icon landscape'>\n\t\t\t\t<a href='https:\/\/archive.sana.sy\/tr\/?attachment_id=8920'><img loading=\"lazy\" decoding=\"async\" width=\"150\" height=\"101\" src=\"https:\/\/archive.sana.sy\/tr\/wp-content\/uploads\/2014\/09\/Cobar-02-09-2014-10-150x101.jpg\" class=\"attachment-thumbnail size-thumbnail\" alt=\"\" srcset=\"https:\/\/archive.sana.sy\/tr\/wp-content\/uploads\/2014\/09\/Cobar-02-09-2014-10-150x101.jpg 150w, https:\/\/archive.sana.sy\/tr\/wp-content\/uploads\/2014\/09\/Cobar-02-09-2014-10-300x203.jpg 300w, https:\/\/archive.sana.sy\/tr\/wp-content\/uploads\/2014\/09\/Cobar-02-09-2014-10.jpg 648w\" sizes=\"auto, (max-width: 150px) 100vw, 150px\" \/><\/a>\n\t\t\t<\/div><\/figure><figure class='gallery-item'>\n\t\t\t<div class='gallery-icon landscape'>\n\t\t\t\t<a href='https:\/\/archive.sana.sy\/tr\/?attachment_id=8921'><img loading=\"lazy\" decoding=\"async\" width=\"150\" height=\"99\" src=\"https:\/\/archive.sana.sy\/tr\/wp-content\/uploads\/2014\/09\/Cobar-02-09-2014-11-150x99.jpg\" class=\"attachment-thumbnail size-thumbnail\" alt=\"\" srcset=\"https:\/\/archive.sana.sy\/tr\/wp-content\/uploads\/2014\/09\/Cobar-02-09-2014-11-150x99.jpg 150w, https:\/\/archive.sana.sy\/tr\/wp-content\/uploads\/2014\/09\/Cobar-02-09-2014-11-300x199.jpg 300w, https:\/\/archive.sana.sy\/tr\/wp-content\/uploads\/2014\/09\/Cobar-02-09-2014-11.jpg 654w\" sizes=\"auto, (max-width: 150px) 100vw, 150px\" \/><\/a>\n\t\t\t<\/div><\/figure><figure class='gallery-item'>\n\t\t\t<div class='gallery-icon landscape'>\n\t\t\t\t<a href='https:\/\/archive.sana.sy\/tr\/?attachment_id=8922'><img loading=\"lazy\" decoding=\"async\" width=\"150\" height=\"105\" src=\"https:\/\/archive.sana.sy\/tr\/wp-content\/uploads\/2014\/09\/Cobar-02-09-2014-12-150x105.jpg\" class=\"attachment-thumbnail size-thumbnail\" alt=\"\" srcset=\"https:\/\/archive.sana.sy\/tr\/wp-content\/uploads\/2014\/09\/Cobar-02-09-2014-12-150x105.jpg 150w, https:\/\/archive.sana.sy\/tr\/wp-content\/uploads\/2014\/09\/Cobar-02-09-2014-12-300x210.jpg 300w, https:\/\/archive.sana.sy\/tr\/wp-content\/uploads\/2014\/09\/Cobar-02-09-2014-12.jpg 621w\" sizes=\"auto, (max-width: 150px) 100vw, 150px\" \/><\/a>\n\t\t\t<\/div><\/figure>\n\t\t<\/div>\n\n","protected":false},"excerpt":{"rendered":"<p>\u0130LLER \u2013 Kahraman ordu birliklerimizin ter\u00f6rle m\u00fccadele operasyonlar\u0131 muhtelif b\u00f6lgelerde t\u00fcm h\u0131z\u0131yla s\u00fcrerken ter\u00f6ristlerin a\u011f\u0131r kay\u0131plar\u0131 devam ediyor. \u015eam K\u0131rsal\u0131nda Ter\u00f6ristlerin S\u0131zma Giri\u015fimleri \u00c7\u00f6kertildi Askeri kaynak, ordu birliklerimizin Cobar\u2019da b\u00fcr h\u00fccre dahilinde baz\u0131 ter\u00f6ristlerin \u00f6ld\u00fcr\u00fcld\u00fc\u011f\u00fcn\u00fc, el yap\u0131m\u0131 havan mermilerinin ve roket f\u00fczelerin at\u0131ld\u0131\u011f\u0131 \u00e7ok say\u0131da rampan\u0131n f\u0131rlat\u0131lmaya haz\u0131r onlarca mermiyle birlikte ele ge\u00e7irildi\u011fini, ter\u00f6ristlerin dahilinde &hellip;<\/p>\n","protected":false},"author":1,"featured_media":8876,"comment_status":"closed","ping_status":"closed","sticky":false,"template":"","format":"standard","meta":{"footnotes":""},"categories":[596,575],"tags":[1976,1975,1974],"class_list":["post-8791","post","type-post","status-publish","format-standard","has-post-thumbnail","","category-fotografli-raporlar","category-olaylar-ve-gercekler","tag-bomba-duzenekleri-imha-edildi","tag-saldirilari-cokertildi","tag-teroristler-olduruldu"],"_links":{"self":[{"href":"https:\/\/archive.sana.sy\/tr\/index.php?rest_route=\/wp\/v2\/posts\/8791","targetHints":{"allow":["GET"]}}],"collection":[{"href":"https:\/\/archive.sana.sy\/tr\/index.php?rest_route=\/wp\/v2\/posts"}],"about":[{"href":"https:\/\/archive.sana.sy\/tr\/index.php?rest_route=\/wp\/v2\/types\/post"}],"author":[{"embeddable":true,"href":"https:\/\/archive.sana.sy\/tr\/index.php?rest_route=\/wp\/v2\/users\/1"}],"replies":[{"embeddable":true,"href":"https:\/\/archive.sana.sy\/tr\/index.php?rest_route=%2Fwp%2Fv2%2Fcomments&post=8791"}],"version-history":[{"count":0,"href":"https:\/\/archive.sana.sy\/tr\/index.php?rest_route=\/wp\/v2\/posts\/8791\/revisions"}],"wp:featuredmedia":[{"embeddable":true,"href":"https:\/\/archive.sana.sy\/tr\/index.php?rest_route=\/wp\/v2\/media\/8876"}],"wp:attachment":[{"href":"https:\/\/archive.sana.sy\/tr\/index.php?rest_route=%2Fwp%2Fv2%2Fmedia&parent=8791"}],"wp:term":[{"taxonomy":"category","embeddable":true,"href":"https:\/\/archive.sana.sy\/tr\/index.php?rest_route=%2Fwp%2Fv2%2Fcategories&post=8791"},{"taxonomy":"post_tag","embeddable":true,"href":"https:\/\/archive.sana.sy\/tr\/index.php?rest_route=%2Fwp%2Fv2%2Ftags&post=8791"}],"curies":[{"name":"wp","href":"https:\/\/api.w.org\/{rel}","templated":true}]}}