{"id":8798,"date":"2014-09-02T12:18:57","date_gmt":"2014-09-02T09:18:57","guid":{"rendered":"http:\/\/www.sana.sy\/tr\/?p=8798"},"modified":"2014-09-02T13:11:34","modified_gmt":"2014-09-02T10:11:34","slug":"havan-mermileriyle-teror-saldirisinda-2-vatandas-yaralandi","status":"publish","type":"post","link":"https:\/\/archive.sana.sy\/tr\/?p=8798","title":{"rendered":"Ter\u00f6ristlerin Sivilleri Hedef Almalar\u0131 S\u00fcr\u00fcyor.. 10 Yaral\u0131"},"content":{"rendered":"<p>\u0130LLER \u2013 Ter\u00f6ristlerin \u015eam\u2019\u0131n Zablatani b\u00f6lgesine havan mermileriyle d\u00fczenledi\u011fi ter\u00f6r sald\u0131r\u0131s\u0131 sonucunda 8 vatanda\u015f yaraland\u0131.<\/p>\n<p>\u0130l Emniyet M\u00fcd\u00fcrl\u00fc\u011f\u00fcnden bir kaynak SANA muhabirine a\u00e7\u0131klamas\u0131nda, ter\u00f6ristlerin bu sabah f\u0131rlatt\u0131\u011f\u0131 havan mermisinin Zablatani\u2019deki Sebze haline d\u00fc\u015ft\u00fc\u011f\u00fcn\u00fc, bunun sonucunda 8 vatanda\u015f\u0131n yaraland\u0131\u011f\u0131n\u0131 baz\u0131 ara\u00e7larda da maddi zararlara yol a\u00e7t\u0131\u011f\u0131n\u0131 s\u00f6yledi.<\/p>\n<p>Ter\u00f6ristler d\u00fcn ayr\u0131ca, Tabbale ve Abbasiler Semtleriyle Mezze\u2019deki el Razi hastanesinin arka taraf\u0131n\u0131 havan mermileriyle hedef alm\u0131\u015f, bir ev, ticari mahal ve baz\u0131 ara\u00e7larda maddi hasarlara yol a\u00e7m\u0131\u015ft\u0131.<\/p>\n<p><span style=\"color: #0000ff\">Havan Mermileriyle Ter\u00f6r Sald\u0131r\u0131s\u0131nda 2 Vatanda\u015f Yaraland\u0131<\/span><\/p>\n<p>Gaddar ter\u00f6ristlerin \u0130dlib kentinin baz\u0131 semtlerine y\u00f6nelik f\u0131rlatt\u0131\u011f\u0131 havan mermileri sonucunda 2 vatanda\u015f yaraland\u0131.<\/p>\n<p>\u0130l Emniyet M\u00fcd\u00fcrl\u00fc\u011f\u00fcnden bir kaynak SANA muhabirine a\u00e7\u0131klamas\u0131nda, ter\u00f6ristlerin \u0130dlib kentinin kuzey ve bat\u0131 taraflar\u0131ndaki el Camia, Gen\u00e7lik Siteleri Semtleri ile Konserve fabrikas\u0131n\u0131n bulundu\u011fu b\u00f6lgeye 13 havan mermisi f\u0131rlatmalar\u0131 sonucunda 2 vatanda\u015f\u0131n yaraland\u0131\u011f\u0131n\u0131 belirterek yaral\u0131lar\u0131n \u0130dlib Vatan Hastanesine kald\u0131r\u0131ld\u0131klar\u0131n\u0131 ifade etti.<\/p>\n<p>Kaynak, ter\u00f6r sald\u0131r\u0131s\u0131n\u0131n vatanda\u015flar\u0131n ev ve m\u00fclklerinde maddi hasarlara yol a\u00e7t\u0131\u011f\u0131n\u0131 a\u00e7\u0131klad\u0131.<\/p>\n<p>&nbsp;<\/p>\n","protected":false},"excerpt":{"rendered":"<p>\u0130LLER \u2013 Ter\u00f6ristlerin \u015eam\u2019\u0131n Zablatani b\u00f6lgesine havan mermileriyle d\u00fczenledi\u011fi ter\u00f6r sald\u0131r\u0131s\u0131 sonucunda 8 vatanda\u015f yaraland\u0131. \u0130l Emniyet M\u00fcd\u00fcrl\u00fc\u011f\u00fcnden bir kaynak SANA muhabirine a\u00e7\u0131klamas\u0131nda, ter\u00f6ristlerin bu sabah f\u0131rlatt\u0131\u011f\u0131 havan mermisinin Zablatani\u2019deki Sebze haline d\u00fc\u015ft\u00fc\u011f\u00fcn\u00fc, bunun sonucunda 8 vatanda\u015f\u0131n yaraland\u0131\u011f\u0131n\u0131 baz\u0131 ara\u00e7larda da maddi zararlara yol a\u00e7t\u0131\u011f\u0131n\u0131 s\u00f6yledi. Ter\u00f6ristler d\u00fcn ayr\u0131ca, Tabbale ve Abbasiler Semtleriyle Mezze\u2019deki el &hellip;<\/p>\n","protected":false},"author":1,"featured_media":8800,"comment_status":"closed","ping_status":"closed","sticky":false,"template":"","format":"standard","meta":{"footnotes":""},"categories":[575],"tags":[1981,1996],"class_list":["post-8798","post","type-post","status-publish","format-standard","has-post-thumbnail","","category-olaylar-ve-gercekler","tag-havan-mermileriyle-teror-saldirisinda-2-vatandas-yaralandi","tag-teroristlerin-sivilleri-hedef-almalari-suruyor-8-yarali"],"_links":{"self":[{"href":"https:\/\/archive.sana.sy\/tr\/index.php?rest_route=\/wp\/v2\/posts\/8798","targetHints":{"allow":["GET"]}}],"collection":[{"href":"https:\/\/archive.sana.sy\/tr\/index.php?rest_route=\/wp\/v2\/posts"}],"about":[{"href":"https:\/\/archive.sana.sy\/tr\/index.php?rest_route=\/wp\/v2\/types\/post"}],"author":[{"embeddable":true,"href":"https:\/\/archive.sana.sy\/tr\/index.php?rest_route=\/wp\/v2\/users\/1"}],"replies":[{"embeddable":true,"href":"https:\/\/archive.sana.sy\/tr\/index.php?rest_route=%2Fwp%2Fv2%2Fcomments&post=8798"}],"version-history":[{"count":0,"href":"https:\/\/archive.sana.sy\/tr\/index.php?rest_route=\/wp\/v2\/posts\/8798\/revisions"}],"wp:featuredmedia":[{"embeddable":true,"href":"https:\/\/archive.sana.sy\/tr\/index.php?rest_route=\/wp\/v2\/media\/8800"}],"wp:attachment":[{"href":"https:\/\/archive.sana.sy\/tr\/index.php?rest_route=%2Fwp%2Fv2%2Fmedia&parent=8798"}],"wp:term":[{"taxonomy":"category","embeddable":true,"href":"https:\/\/archive.sana.sy\/tr\/index.php?rest_route=%2Fwp%2Fv2%2Fcategories&post=8798"},{"taxonomy":"post_tag","embeddable":true,"href":"https:\/\/archive.sana.sy\/tr\/index.php?rest_route=%2Fwp%2Fv2%2Ftags&post=8798"}],"curies":[{"name":"wp","href":"https:\/\/api.w.org\/{rel}","templated":true}]}}