{"id":88020,"date":"2016-09-15T17:48:47","date_gmt":"2016-09-15T14:48:47","guid":{"rendered":"http:\/\/www.sana.sy\/tr\/?p=88020"},"modified":"2016-09-16T13:45:29","modified_gmt":"2016-09-16T10:45:29","slug":"32-yeni-ihlal-kaydedildi","status":"publish","type":"post","link":"https:\/\/archive.sana.sy\/tr\/?p=88020","title":{"rendered":"32 Yeni \u0130hlal Kaydedildi"},"content":{"rendered":"<p>\u0130LLER \u2013 Askeri kaynak silahl\u0131 \u00f6rg\u00fctlerin \u015eam ve k\u0131rsal\u0131n\u0131n yan\u0131 s\u0131ra Hama, Lazkiye k\u0131rsal\u0131, Homs, Kunaytra ve Dera illerinde \u00e7at\u0131\u015fmalar\u0131 durdurma anla\u015fmas\u0131na 32 yeni ihlalde bulunduklar\u0131n\u0131 belirtti.<\/p>\n<p>G\u00fcn\u00fcn erken saatlerinde SANA\u2019ya yapt\u0131\u011f\u0131 a\u00e7\u0131klamada ise kaynak; ter\u00f6r \u00f6rg\u00fctlerin daha \u00f6nce de \u015eam ve k\u0131rsal\u0131na ilaveten Halep ve Homs illerinde 17 ihlalde bulunduklar\u0131n\u0131 ifade etti. Kaynak ter\u00f6ristlerin \u015eam\u2019\u0131n Kabun ve Cobar b\u00f6lgesinde askeri birliklere ate\u015f a\u00e7t\u0131klar\u0131n\u0131 s\u00f6yledi.<\/p>\n<p>\u015eam k\u0131rsal\u0131nda Yeni Bela Mezralar\u0131 ve Havs\u015f Nasri b\u00f6lgelerinde de ter\u00f6ristlerin askeri mevkilere ate\u015f a\u00e7t\u0131klar\u0131n\u0131 s\u00f6yleyen kaynak; Halep Kentinde de askeri mevkilere, sivil b\u00f6lgelere ve hizmet kurumlar\u0131na bulunduklar\u0131 sald\u0131r\u0131larla 6 ihlal kaydettiklerine dikkat \u00e7ekti.<\/p>\n<p>Ter\u00f6r \u00f6rg\u00fctlerin d\u00fcn ise \u015eam k\u0131rsal\u0131, Halep, Hama, Lazkiye, Homs ve Kunaytra\u2019da Pazartesi g\u00fcn\u00fc ilan edilen \u00e7at\u0131\u015fmalar\u0131 durdurma anla\u015fmas\u0131n\u0131 36 kez ihlal ettiklerine i\u015faret eden kaynak; ordu birliklerimizin \u015fu ana dek bu ihlallerin hi\u00e7 birine kar\u015f\u0131l\u0131k vermedi\u011finin alt\u0131n\u0131 \u00e7izdi.<\/p>\n","protected":false},"excerpt":{"rendered":"<p>\u0130LLER \u2013 Askeri kaynak silahl\u0131 \u00f6rg\u00fctlerin \u015eam ve k\u0131rsal\u0131n\u0131n yan\u0131 s\u0131ra Hama, Lazkiye k\u0131rsal\u0131, Homs, Kunaytra ve Dera illerinde \u00e7at\u0131\u015fmalar\u0131 durdurma anla\u015fmas\u0131na 32 yeni ihlalde bulunduklar\u0131n\u0131 belirtti. G\u00fcn\u00fcn erken saatlerinde SANA\u2019ya yapt\u0131\u011f\u0131 a\u00e7\u0131klamada ise kaynak; ter\u00f6r \u00f6rg\u00fctlerin daha \u00f6nce de \u015eam ve k\u0131rsal\u0131na ilaveten Halep ve Homs illerinde 17 ihlalde bulunduklar\u0131n\u0131 ifade etti. Kaynak ter\u00f6ristlerin &hellip;<\/p>\n","protected":false},"author":1,"featured_media":88021,"comment_status":"closed","ping_status":"closed","sticky":false,"template":"","format":"standard","meta":{"footnotes":""},"categories":[479,575,17988,478],"tags":[23952],"class_list":["post-88020","post","type-post","status-publish","format-standard","has-post-thumbnail","","category-haberler-yerel","category-olaylar-ve-gercekler","category-son-haberler","category-yerel","tag-32-yeni-ihlal-kaydedildi"],"_links":{"self":[{"href":"https:\/\/archive.sana.sy\/tr\/index.php?rest_route=\/wp\/v2\/posts\/88020","targetHints":{"allow":["GET"]}}],"collection":[{"href":"https:\/\/archive.sana.sy\/tr\/index.php?rest_route=\/wp\/v2\/posts"}],"about":[{"href":"https:\/\/archive.sana.sy\/tr\/index.php?rest_route=\/wp\/v2\/types\/post"}],"author":[{"embeddable":true,"href":"https:\/\/archive.sana.sy\/tr\/index.php?rest_route=\/wp\/v2\/users\/1"}],"replies":[{"embeddable":true,"href":"https:\/\/archive.sana.sy\/tr\/index.php?rest_route=%2Fwp%2Fv2%2Fcomments&post=88020"}],"version-history":[{"count":0,"href":"https:\/\/archive.sana.sy\/tr\/index.php?rest_route=\/wp\/v2\/posts\/88020\/revisions"}],"wp:featuredmedia":[{"embeddable":true,"href":"https:\/\/archive.sana.sy\/tr\/index.php?rest_route=\/wp\/v2\/media\/88021"}],"wp:attachment":[{"href":"https:\/\/archive.sana.sy\/tr\/index.php?rest_route=%2Fwp%2Fv2%2Fmedia&parent=88020"}],"wp:term":[{"taxonomy":"category","embeddable":true,"href":"https:\/\/archive.sana.sy\/tr\/index.php?rest_route=%2Fwp%2Fv2%2Fcategories&post=88020"},{"taxonomy":"post_tag","embeddable":true,"href":"https:\/\/archive.sana.sy\/tr\/index.php?rest_route=%2Fwp%2Fv2%2Ftags&post=88020"}],"curies":[{"name":"wp","href":"https:\/\/api.w.org\/{rel}","templated":true}]}}