{"id":88024,"date":"2016-09-15T18:50:26","date_gmt":"2016-09-15T15:50:26","guid":{"rendered":"http:\/\/www.sana.sy\/tr\/?p=88024"},"modified":"2016-09-15T18:50:59","modified_gmt":"2016-09-15T15:50:59","slug":"askeri-kaynak-aksam-saatlerinde-sanaya-yaptigi-aciklamada-silahli-teror-orgutlerin-hala-misralinin-kuzeyi-atsan-ve-um-harteyn-yonlerinden-mean-beldesinde-askeri-mevkilere-saldirarak-catismal","status":"publish","type":"post","link":"https:\/\/archive.sana.sy\/tr\/?p=88024","title":{"rendered":"Askeri kaynak ak\u015fam saatlerinde SANA\u2019ya yapt\u0131\u011f\u0131 a\u00e7\u0131klamada; silahl\u0131 ter\u00f6r \u00f6rg\u00fctlerin Hama k\u0131sral\u0131n\u0131n kuzeyi At\u015fan ve Um Harteyn y\u00f6nlerinden Mean Beldesinde askeri mevkilere sald\u0131rarak \u00e7at\u0131\u015fmalar\u0131 durdurma anla\u015fmas\u0131na yeni bir ihlalde bulunduklar\u0131n\u0131 belirtti"},"content":{"rendered":"<div id=\":gn.ma\" class=\"Mu SP\" title=\"\u0661\u0665 \u0633\u0628\u062a\u0645\u0628\u0631\u060c \u0662\u0660\u0661\u0666 \u0665:\u0664\u0669:\u0661\u0668 \u0645 UTC+2\"><span id=\":gn.co\" class=\"tL8wMe EMoHub\" dir=\"ltr\"><span dir=\"ltr\">Askeri kaynak ak\u015fam saatlerinde SANA\u2019ya yapt\u0131\u011f\u0131 a\u00e7\u0131klamada; silahl\u0131 ter\u00f6r \u00f6rg\u00fctlerin Hama k\u0131sral\u0131n\u0131n kuzeyi At\u015fan ve Um Harteyn y\u00f6nlerinden Mean Beldesinde askeri mevkilere sald\u0131rarak \u00e7at\u0131\u015fmalar\u0131 durdurma anla\u015fmas\u0131na yeni bir ihlalde bulunduklar\u0131n\u0131 belirtti.<\/span>\u200f<\/span><\/div>\n","protected":false},"excerpt":{"rendered":"<p>Askeri kaynak ak\u015fam saatlerinde SANA\u2019ya yapt\u0131\u011f\u0131 a\u00e7\u0131klamada; silahl\u0131 ter\u00f6r \u00f6rg\u00fctlerin Hama k\u0131sral\u0131n\u0131n kuzeyi At\u015fan ve Um Harteyn y\u00f6nlerinden Mean Beldesinde askeri mevkilere sald\u0131rarak \u00e7at\u0131\u015fmalar\u0131 durdurma anla\u015fmas\u0131na yeni bir ihlalde bulunduklar\u0131n\u0131 belirtti.\u200f<\/p>\n","protected":false},"author":1,"featured_media":0,"comment_status":"closed","ping_status":"closed","sticky":false,"template":"","format":"standard","meta":{"footnotes":""},"categories":[17991],"tags":[],"class_list":["post-88024","post","type-post","status-publish","format-standard","","category-son-dakika"],"_links":{"self":[{"href":"https:\/\/archive.sana.sy\/tr\/index.php?rest_route=\/wp\/v2\/posts\/88024","targetHints":{"allow":["GET"]}}],"collection":[{"href":"https:\/\/archive.sana.sy\/tr\/index.php?rest_route=\/wp\/v2\/posts"}],"about":[{"href":"https:\/\/archive.sana.sy\/tr\/index.php?rest_route=\/wp\/v2\/types\/post"}],"author":[{"embeddable":true,"href":"https:\/\/archive.sana.sy\/tr\/index.php?rest_route=\/wp\/v2\/users\/1"}],"replies":[{"embeddable":true,"href":"https:\/\/archive.sana.sy\/tr\/index.php?rest_route=%2Fwp%2Fv2%2Fcomments&post=88024"}],"version-history":[{"count":0,"href":"https:\/\/archive.sana.sy\/tr\/index.php?rest_route=\/wp\/v2\/posts\/88024\/revisions"}],"wp:attachment":[{"href":"https:\/\/archive.sana.sy\/tr\/index.php?rest_route=%2Fwp%2Fv2%2Fmedia&parent=88024"}],"wp:term":[{"taxonomy":"category","embeddable":true,"href":"https:\/\/archive.sana.sy\/tr\/index.php?rest_route=%2Fwp%2Fv2%2Fcategories&post=88024"},{"taxonomy":"post_tag","embeddable":true,"href":"https:\/\/archive.sana.sy\/tr\/index.php?rest_route=%2Fwp%2Fv2%2Ftags&post=88024"}],"curies":[{"name":"wp","href":"https:\/\/api.w.org\/{rel}","templated":true}]}}