{"id":88044,"date":"2016-09-15T19:47:46","date_gmt":"2016-09-15T16:47:46","guid":{"rendered":"http:\/\/www.sana.sy\/tr\/?p=88044"},"modified":"2016-09-15T19:45:54","modified_gmt":"2016-09-15T16:45:54","slug":"kaynak-radikal-teror-grubunun-gecisi-sirasinda-ordu-birliklerimizin-daha-once-yerlestirmis-olduklari-bir-bomba-duzenegini-havaya-ucurmalariyla-radikal-teroristlerin-tumunun-olu-yarali-dusurulduklerini","status":"publish","type":"post","link":"https:\/\/archive.sana.sy\/tr\/?p=88044","title":{"rendered":"Kaynak radikal ter\u00f6r grubunun ge\u00e7i\u015fi s\u0131ras\u0131nda ordu birliklerimizin daha \u00f6nce yerle\u015ftirmi\u015f olduklar\u0131 bir bomba d\u00fczene\u011fini havaya u\u00e7urmalar\u0131yla radikal ter\u00f6ristlerin t\u00fcm\u00fcn\u00fcn \u00f6l\u00fc yaral\u0131 d\u00fc\u015f\u00fcr\u00fcld\u00fcklerini kaydetti"},"content":{"rendered":"<p>Kaynak radikal ter\u00f6r grubunun ge\u00e7i\u015fi s\u0131ras\u0131nda ordu birliklerimizin daha \u00f6nce yerle\u015ftirmi\u015f olduklar\u0131 bir bomba d\u00fczene\u011fini havaya u\u00e7urmalar\u0131yla radikal ter\u00f6ristlerin t\u00fcm\u00fcn\u00fcn \u00f6l\u00fc yaral\u0131 d\u00fc\u015f\u00fcr\u00fcld\u00fcklerini kaydetti.<\/p>\n","protected":false},"excerpt":{"rendered":"<p>Kaynak radikal ter\u00f6r grubunun ge\u00e7i\u015fi s\u0131ras\u0131nda ordu birliklerimizin daha \u00f6nce yerle\u015ftirmi\u015f olduklar\u0131 bir bomba d\u00fczene\u011fini havaya u\u00e7urmalar\u0131yla radikal ter\u00f6ristlerin t\u00fcm\u00fcn\u00fcn \u00f6l\u00fc yaral\u0131 d\u00fc\u015f\u00fcr\u00fcld\u00fcklerini kaydetti.<\/p>\n","protected":false},"author":1,"featured_media":0,"comment_status":"closed","ping_status":"closed","sticky":false,"template":"","format":"standard","meta":{"footnotes":""},"categories":[17991],"tags":[],"class_list":["post-88044","post","type-post","status-publish","format-standard","","category-son-dakika"],"_links":{"self":[{"href":"https:\/\/archive.sana.sy\/tr\/index.php?rest_route=\/wp\/v2\/posts\/88044","targetHints":{"allow":["GET"]}}],"collection":[{"href":"https:\/\/archive.sana.sy\/tr\/index.php?rest_route=\/wp\/v2\/posts"}],"about":[{"href":"https:\/\/archive.sana.sy\/tr\/index.php?rest_route=\/wp\/v2\/types\/post"}],"author":[{"embeddable":true,"href":"https:\/\/archive.sana.sy\/tr\/index.php?rest_route=\/wp\/v2\/users\/1"}],"replies":[{"embeddable":true,"href":"https:\/\/archive.sana.sy\/tr\/index.php?rest_route=%2Fwp%2Fv2%2Fcomments&post=88044"}],"version-history":[{"count":0,"href":"https:\/\/archive.sana.sy\/tr\/index.php?rest_route=\/wp\/v2\/posts\/88044\/revisions"}],"wp:attachment":[{"href":"https:\/\/archive.sana.sy\/tr\/index.php?rest_route=%2Fwp%2Fv2%2Fmedia&parent=88044"}],"wp:term":[{"taxonomy":"category","embeddable":true,"href":"https:\/\/archive.sana.sy\/tr\/index.php?rest_route=%2Fwp%2Fv2%2Fcategories&post=88044"},{"taxonomy":"post_tag","embeddable":true,"href":"https:\/\/archive.sana.sy\/tr\/index.php?rest_route=%2Fwp%2Fv2%2Ftags&post=88044"}],"curies":[{"name":"wp","href":"https:\/\/api.w.org\/{rel}","templated":true}]}}