{"id":88065,"date":"2016-09-15T20:42:24","date_gmt":"2016-09-15T17:42:24","guid":{"rendered":"http:\/\/www.sana.sy\/tr\/?p=88065"},"modified":"2016-09-16T11:49:22","modified_gmt":"2016-09-16T08:49:22","slug":"terore-inat-bayram-kutlamalarimiz-devam-ediyor","status":"publish","type":"post","link":"https:\/\/archive.sana.sy\/tr\/?p=88065","title":{"rendered":"Ter\u00f6re \u0130nat Bayram Kutlamalar\u0131m\u0131z Devam Ediyor"},"content":{"rendered":"<p>HASEKE \u2013 Haseke Devrim Gen\u00e7li\u011fine ba\u011fl\u0131 \u015eehit Velit Nevfel Derne\u011fi, M\u00fcbarek Kurban Bayram\u0131 m\u00fcnasebetiyle bug\u00fcn \u015fehit \u00e7ocuklar\u0131n\u0131 ve Suriye Arap Ordusu gazilerini ziyaret etkinli\u011fi d\u00fczenleyerek vatan savunmas\u0131nda sergilenen fedakarl\u0131klar\u0131 takdir ettiklerini ve bu takdirin vatana ve vatan de\u011ferlerine ba\u011fl\u0131l\u0131k ve vefa olarak ya\u015fatacaklar\u0131n\u0131 ifade ettiler.<\/p>\n<p>Dernek \u00fcyeleri ziyaretleri s\u0131ras\u0131nda \u015fehit \u00e7ocuklar\u0131na sunduklar\u0131 hediyelerle bayram sevin\u00e7lerini b\u00fcy\u00fctt\u00fcler.<br \/>\n\u015eehit Velit Nevfel Derne\u011fi Ba\u015fkan\u0131 Halit el Ali SANA muhabirine yapt\u0131\u011f\u0131 a\u00e7\u0131klamada \u015fehit \u00e7ocuklar\u0131na hediye verilmesinin zor g\u00fcnler ya\u015fayan \u00e7ocuklar\u0131n bayram sevinci ve g\u00fcl\u00fcmsemesini yeniden canland\u0131rmay\u0131 ama\u00e7lad\u0131\u011f\u0131n\u0131 ifade etti.<\/p>\n<p>Ali; \u015fehit \u00e7ocuklar\u0131 ve gazilerimizi ziyaret ederek ter\u00f6r\u00fcn b\u00fct\u00fcn katliamlar\u0131 ve vah\u015fetine ra\u011fmen hayat\u0131n devam etti\u011fi ve ter\u00f6re inat bayramlar\u0131m kutlamalar\u0131m\u0131z\u0131 s\u00fcrd\u00fcrece\u011fimiz mesaj\u0131 ta\u015f\u0131d\u0131\u011f\u0131n\u0131 ekledi.<\/p>\n<p>Bilinece\u011fi \u00fczere Haseke Devrim Gen\u00e7li\u011fine ba\u011fl\u0131 9 gen\u00e7lik derne\u011fi bulunmaktad\u0131r.<\/p>\n","protected":false},"excerpt":{"rendered":"<p>HASEKE \u2013 Haseke Devrim Gen\u00e7li\u011fine ba\u011fl\u0131 \u015eehit Velit Nevfel Derne\u011fi, M\u00fcbarek Kurban Bayram\u0131 m\u00fcnasebetiyle bug\u00fcn \u015fehit \u00e7ocuklar\u0131n\u0131 ve Suriye Arap Ordusu gazilerini ziyaret etkinli\u011fi d\u00fczenleyerek vatan savunmas\u0131nda sergilenen fedakarl\u0131klar\u0131 takdir ettiklerini ve bu takdirin vatana ve vatan de\u011ferlerine ba\u011fl\u0131l\u0131k ve vefa olarak ya\u015fatacaklar\u0131n\u0131 ifade ettiler. Dernek \u00fcyeleri ziyaretleri s\u0131ras\u0131nda \u015fehit \u00e7ocuklar\u0131na sunduklar\u0131 hediyelerle bayram sevin\u00e7lerini &hellip;<\/p>\n","protected":false},"author":1,"featured_media":87076,"comment_status":"closed","ping_status":"closed","sticky":false,"template":"","format":"standard","meta":{"footnotes":""},"categories":[479,17988,478],"tags":[],"class_list":["post-88065","post","type-post","status-publish","format-standard","has-post-thumbnail","","category-haberler-yerel","category-son-haberler","category-yerel"],"_links":{"self":[{"href":"https:\/\/archive.sana.sy\/tr\/index.php?rest_route=\/wp\/v2\/posts\/88065","targetHints":{"allow":["GET"]}}],"collection":[{"href":"https:\/\/archive.sana.sy\/tr\/index.php?rest_route=\/wp\/v2\/posts"}],"about":[{"href":"https:\/\/archive.sana.sy\/tr\/index.php?rest_route=\/wp\/v2\/types\/post"}],"author":[{"embeddable":true,"href":"https:\/\/archive.sana.sy\/tr\/index.php?rest_route=\/wp\/v2\/users\/1"}],"replies":[{"embeddable":true,"href":"https:\/\/archive.sana.sy\/tr\/index.php?rest_route=%2Fwp%2Fv2%2Fcomments&post=88065"}],"version-history":[{"count":0,"href":"https:\/\/archive.sana.sy\/tr\/index.php?rest_route=\/wp\/v2\/posts\/88065\/revisions"}],"wp:featuredmedia":[{"embeddable":true,"href":"https:\/\/archive.sana.sy\/tr\/index.php?rest_route=\/wp\/v2\/media\/87076"}],"wp:attachment":[{"href":"https:\/\/archive.sana.sy\/tr\/index.php?rest_route=%2Fwp%2Fv2%2Fmedia&parent=88065"}],"wp:term":[{"taxonomy":"category","embeddable":true,"href":"https:\/\/archive.sana.sy\/tr\/index.php?rest_route=%2Fwp%2Fv2%2Fcategories&post=88065"},{"taxonomy":"post_tag","embeddable":true,"href":"https:\/\/archive.sana.sy\/tr\/index.php?rest_route=%2Fwp%2Fv2%2Ftags&post=88065"}],"curies":[{"name":"wp","href":"https:\/\/api.w.org\/{rel}","templated":true}]}}