{"id":88075,"date":"2016-09-16T13:33:24","date_gmt":"2016-09-16T10:33:24","guid":{"rendered":"http:\/\/www.sana.sy\/tr\/?p=88075"},"modified":"2016-09-17T14:47:37","modified_gmt":"2016-09-17T11:47:37","slug":"teroristleri-askeri-mevkilere-saldirarak-yeni-ihlaller-kaydetti-video","status":"publish","type":"post","link":"https:\/\/archive.sana.sy\/tr\/?p=88075","title":{"rendered":"Ter\u00f6ristleri Askeri Mevkilere Sald\u0131rarak Yeni \u0130hlaller Kaydetti (video)"},"content":{"rendered":"<p>\u015eAM \u2013 Askeri kaynak ter\u00f6ristlerin \u015eam\u2019\u0131n do\u011fusu Cobar B\u00f6lgesinde bir dizi askeri noktaya sald\u0131r\u0131larda bulunarak, \u00e7at\u0131\u015fmalar\u0131n durdurulmas\u0131n\u0131 ihlal ettiklerini belirtti.<\/p>\n<p>Kaynak SANA\u2019ya a\u00e7\u0131klamas\u0131nda mevkilerde bulunan ordu birliklerimizin sald\u0131rganlara gereken uygun kar\u015f\u0131l\u0131\u011f\u0131 verdi\u011fini kaydetti.<\/p>\n<p>Askeri kaynak ter\u00f6ristlerin Do\u011fu \u011euta\u2019n\u0131n Bilaliye ve daha ba\u015fka yerlerinde ordu mevkilerini roketlerle hedef alarak bir dizi ihlalde bulunduklar\u0131n\u0131 ifade etti\u200f.<\/p>\n<p>https:\/\/www.youtube.com\/watch?v=AaeKq62UJwc<\/p>\n","protected":false},"excerpt":{"rendered":"<p>\u015eAM \u2013 Askeri kaynak ter\u00f6ristlerin \u015eam\u2019\u0131n do\u011fusu Cobar B\u00f6lgesinde bir dizi askeri noktaya sald\u0131r\u0131larda bulunarak, \u00e7at\u0131\u015fmalar\u0131n durdurulmas\u0131n\u0131 ihlal ettiklerini belirtti. Kaynak SANA\u2019ya a\u00e7\u0131klamas\u0131nda mevkilerde bulunan ordu birliklerimizin sald\u0131rganlara gereken uygun kar\u015f\u0131l\u0131\u011f\u0131 verdi\u011fini kaydetti. Askeri kaynak ter\u00f6ristlerin Do\u011fu \u011euta\u2019n\u0131n Bilaliye ve daha ba\u015fka yerlerinde ordu mevkilerini roketlerle hedef alarak bir dizi ihlalde bulunduklar\u0131n\u0131 ifade etti\u200f. https:\/\/www.youtube.com\/watch?v=AaeKq62UJwc<\/p>\n","protected":false},"author":1,"featured_media":88082,"comment_status":"closed","ping_status":"closed","sticky":false,"template":"","format":"standard","meta":{"footnotes":""},"categories":[575,17988],"tags":[],"class_list":["post-88075","post","type-post","status-publish","format-standard","has-post-thumbnail","","category-olaylar-ve-gercekler","category-son-haberler"],"_links":{"self":[{"href":"https:\/\/archive.sana.sy\/tr\/index.php?rest_route=\/wp\/v2\/posts\/88075","targetHints":{"allow":["GET"]}}],"collection":[{"href":"https:\/\/archive.sana.sy\/tr\/index.php?rest_route=\/wp\/v2\/posts"}],"about":[{"href":"https:\/\/archive.sana.sy\/tr\/index.php?rest_route=\/wp\/v2\/types\/post"}],"author":[{"embeddable":true,"href":"https:\/\/archive.sana.sy\/tr\/index.php?rest_route=\/wp\/v2\/users\/1"}],"replies":[{"embeddable":true,"href":"https:\/\/archive.sana.sy\/tr\/index.php?rest_route=%2Fwp%2Fv2%2Fcomments&post=88075"}],"version-history":[{"count":0,"href":"https:\/\/archive.sana.sy\/tr\/index.php?rest_route=\/wp\/v2\/posts\/88075\/revisions"}],"wp:featuredmedia":[{"embeddable":true,"href":"https:\/\/archive.sana.sy\/tr\/index.php?rest_route=\/wp\/v2\/media\/88082"}],"wp:attachment":[{"href":"https:\/\/archive.sana.sy\/tr\/index.php?rest_route=%2Fwp%2Fv2%2Fmedia&parent=88075"}],"wp:term":[{"taxonomy":"category","embeddable":true,"href":"https:\/\/archive.sana.sy\/tr\/index.php?rest_route=%2Fwp%2Fv2%2Fcategories&post=88075"},{"taxonomy":"post_tag","embeddable":true,"href":"https:\/\/archive.sana.sy\/tr\/index.php?rest_route=%2Fwp%2Fv2%2Ftags&post=88075"}],"curies":[{"name":"wp","href":"https:\/\/api.w.org\/{rel}","templated":true}]}}