{"id":88110,"date":"2016-09-16T12:00:34","date_gmt":"2016-09-16T09:00:34","guid":{"rendered":"http:\/\/www.sana.sy\/tr\/?p=88110"},"modified":"2016-09-16T17:36:44","modified_gmt":"2016-09-16T14:36:44","slug":"listenin-basinda-ahrar-el-sam-mevcut","status":"publish","type":"post","link":"https:\/\/archive.sana.sy\/tr\/?p=88110","title":{"rendered":"Listenin Ba\u015f\u0131nda Ahrar el \u015eam Mevcut"},"content":{"rendered":"<p>B\u0130\u015eKEK \u2013 Rusya D\u0131\u015fi\u015fleri Bakan\u0131 Sergey Lavrov; Rusya ve ABD aras\u0131nda Suriye konusunda var\u0131lan anla\u015fman\u0131n temel \u00f6nceli\u011fi, \u2018Suriye muhalefeti\u2019 olarak adland\u0131r\u0131lan silahl\u0131 gruplar\u0131 ter\u00f6r \u00f6rg\u00fctlerden ay\u0131rmaya verdi\u011finin alt\u0131n\u0131 \u00e7izdi.<\/p>\n<p>K\u0131rg\u0131zistan\u2019\u0131n ba\u015fkenti Bi\u015fkek\u2019te bug\u00fcn bas\u0131na yapt\u0131\u011f\u0131 ve Sputnik Ajans\u0131n\u0131n aktard\u0131\u011f\u0131 a\u00e7\u0131klamalar\u0131nda Lavrov; Washington\u2019da ter\u00f6re kar\u015f\u0131 darbe indirilmesini istemeyenlerin bulunmas\u0131yla ABD\u2019nin bu y\u00f6nde verdi\u011fi vaatlerini ve \u00fcstlendi\u011fi sorumluluklar\u0131 yerine getirme konusunda ku\u015fkulu oldu\u011funu kaydetti.<\/p>\n<p>Lavrov son olarak ABD\u2019den Suriye&#8217;de \u00e7at\u0131\u015fmalar\u0131n durdurulmas\u0131 anla\u015fmas\u0131na kat\u0131ld\u0131klar\u0131 iddia edilen ve ter\u00f6re kar\u015f\u0131 operasyonlarda hedef al\u0131nmamalar\u0131 gereken silahl\u0131 gruplara ili\u015fkin bir liste ald\u0131klar\u0131n\u0131 s\u00f6yledi. Fakat bu listenin ba\u015f\u0131nda Ahrar el \u015eam \u0130slami Hareketinin mevcut oldu\u011funa dikkat \u00e7eken Lavrov; bu radikal hareketin liderlerinin, \u2018Nusra Cephesini hedef ald\u0131\u011f\u0131\u2019 gerek\u00e7esiyle Rusya ve ABD aras\u0131ndaki var\u0131lan anla\u015fmaya ba\u011fl\u0131 kalmayaca\u011f\u0131n\u0131 aleni olarak a\u00e7\u0131klad\u0131klar\u0131na vurgu yapt\u0131. Lavrov bunun da Amerikal\u0131lar\u0131n, Nusra Cephesinin temel bir paras\u0131 olan Ahrar el \u015eam \u0130slami Hareketini kendileriyle i\u015fbirli\u011fi i\u00e7inde olan ve \u2018mutedil muhalifler\u2019 ad\u0131 verilen gruplara katt\u0131klar\u0131 anlam\u0131na geldi\u011fini belirtti.<\/p>\n<p>Rusya ve ABD aras\u0131nda sa\u011flanan anla\u015fman\u0131n Suriye&#8217;de ter\u00f6re kar\u015f\u0131 m\u00fccadelenin s\u00fcrd\u00fcr\u00fclmesini \u00f6ng\u00f6rd\u00fc\u011f\u00fcne dikkat \u00e7eken Lavrov; bu ter\u00f6r \u00f6rg\u00fctleri de I\u015e\u0130D ve Nusra Cephesi olarak a\u00e7\u0131k bir \u015fekilde isimlendirdi\u011finin alt\u0131n\u0131 \u00e7izdi. Lavrov ABD d\u0131\u015fi\u015fleri bakanl\u0131\u011f\u0131n\u0131n, anla\u015fman\u0131n I\u015e\u0130D\u2019e kar\u015f\u0131 ABD ve Rusya operasyonlar\u0131n\u0131n koordinasyonunu i\u00e7ermedi\u011fi y\u00f6n\u00fcndeki a\u00e7\u0131klamalar\u0131n\u0131n tamamen yanl\u0131\u015f oldu\u011funu s\u00f6yledi.<\/p>\n<p>Rusya D\u0131\u015fi\u015fleri Bakan\u0131 Lavrov; anla\u015fman\u0131n yanl\u0131\u015f yorumlanmamas\u0131 ve her kes taraf\u0131ndan bilinmesi amac\u0131yla t\u00fcm ayr\u0131nt\u0131lar\u0131yla ilan edilmesi \u00e7a\u011fr\u0131s\u0131n\u0131 yineledi.<\/p>\n","protected":false},"excerpt":{"rendered":"<p>B\u0130\u015eKEK \u2013 Rusya D\u0131\u015fi\u015fleri Bakan\u0131 Sergey Lavrov; Rusya ve ABD aras\u0131nda Suriye konusunda var\u0131lan anla\u015fman\u0131n temel \u00f6nceli\u011fi, \u2018Suriye muhalefeti\u2019 olarak adland\u0131r\u0131lan silahl\u0131 gruplar\u0131 ter\u00f6r \u00f6rg\u00fctlerden ay\u0131rmaya verdi\u011finin alt\u0131n\u0131 \u00e7izdi. K\u0131rg\u0131zistan\u2019\u0131n ba\u015fkenti Bi\u015fkek\u2019te bug\u00fcn bas\u0131na yapt\u0131\u011f\u0131 ve Sputnik Ajans\u0131n\u0131n aktard\u0131\u011f\u0131 a\u00e7\u0131klamalar\u0131nda Lavrov; Washington\u2019da ter\u00f6re kar\u015f\u0131 darbe indirilmesini istemeyenlerin bulunmas\u0131yla ABD\u2019nin bu y\u00f6nde verdi\u011fi vaatlerini ve \u00fcstlendi\u011fi &hellip;<\/p>\n","protected":false},"author":1,"featured_media":88113,"comment_status":"closed","ping_status":"closed","sticky":false,"template":"","format":"standard","meta":{"footnotes":""},"categories":[1],"tags":[23962,23960,10651,23961],"class_list":["post-88110","post","type-post","status-publish","format-standard","has-post-thumbnail","","category-news-not-sorted","tag-anlasmanin-temel-onceligi","tag-listenin-basinda-ahrar-el-sam-mevcut","tag-rusya-disisleri-bakani-sergey-lavrov","tag-rusya-ve-abd-arasinda-suriye-konusunda-varilan-anlasma"],"_links":{"self":[{"href":"https:\/\/archive.sana.sy\/tr\/index.php?rest_route=\/wp\/v2\/posts\/88110","targetHints":{"allow":["GET"]}}],"collection":[{"href":"https:\/\/archive.sana.sy\/tr\/index.php?rest_route=\/wp\/v2\/posts"}],"about":[{"href":"https:\/\/archive.sana.sy\/tr\/index.php?rest_route=\/wp\/v2\/types\/post"}],"author":[{"embeddable":true,"href":"https:\/\/archive.sana.sy\/tr\/index.php?rest_route=\/wp\/v2\/users\/1"}],"replies":[{"embeddable":true,"href":"https:\/\/archive.sana.sy\/tr\/index.php?rest_route=%2Fwp%2Fv2%2Fcomments&post=88110"}],"version-history":[{"count":0,"href":"https:\/\/archive.sana.sy\/tr\/index.php?rest_route=\/wp\/v2\/posts\/88110\/revisions"}],"wp:featuredmedia":[{"embeddable":true,"href":"https:\/\/archive.sana.sy\/tr\/index.php?rest_route=\/wp\/v2\/media\/88113"}],"wp:attachment":[{"href":"https:\/\/archive.sana.sy\/tr\/index.php?rest_route=%2Fwp%2Fv2%2Fmedia&parent=88110"}],"wp:term":[{"taxonomy":"category","embeddable":true,"href":"https:\/\/archive.sana.sy\/tr\/index.php?rest_route=%2Fwp%2Fv2%2Fcategories&post=88110"},{"taxonomy":"post_tag","embeddable":true,"href":"https:\/\/archive.sana.sy\/tr\/index.php?rest_route=%2Fwp%2Fv2%2Ftags&post=88110"}],"curies":[{"name":"wp","href":"https:\/\/api.w.org\/{rel}","templated":true}]}}