{"id":88133,"date":"2016-09-17T09:30:57","date_gmt":"2016-09-17T06:30:57","guid":{"rendered":"http:\/\/www.sana.sy\/tr\/?p=88133"},"modified":"2016-09-17T13:39:45","modified_gmt":"2016-09-17T10:39:45","slug":"belarus-hukumeti-ve-halkinin-terore-karsi-mucadele-gucunu-pekistirme-amaciyla-suriye-ve-halkina-gonderdigi-insani-yardimlari-tasiyan-ucak-bugun-lazkiye-havalimanina-indi","status":"publish","type":"post","link":"https:\/\/archive.sana.sy\/tr\/?p=88133","title":{"rendered":"Belarus h\u00fck\u00fcmeti ve halk\u0131n\u0131n, ter\u00f6re kar\u015f\u0131 m\u00fccadele g\u00fcc\u00fcn\u00fc peki\u015ftirme amac\u0131yla Suriye ve halk\u0131na g\u00f6nderdi\u011fi insani yard\u0131mlar\u0131 ta\u015f\u0131yan u\u00e7ak bug\u00fcn Lazkiye Havaliman\u0131na indi."},"content":{"rendered":"<p>Belarus h\u00fck\u00fcmeti ve halk\u0131n\u0131n, ter\u00f6re kar\u015f\u0131 m\u00fccadele g\u00fcc\u00fcn\u00fc peki\u015ftirme amac\u0131yla Suriye ve halk\u0131na g\u00f6nderdi\u011fi insani yard\u0131mlar\u0131 ta\u015f\u0131yan u\u00e7ak bug\u00fcn Lazkiye Havaliman\u0131na indi.<\/p>\n","protected":false},"excerpt":{"rendered":"<p>Belarus h\u00fck\u00fcmeti ve halk\u0131n\u0131n, ter\u00f6re kar\u015f\u0131 m\u00fccadele g\u00fcc\u00fcn\u00fc peki\u015ftirme amac\u0131yla Suriye ve halk\u0131na g\u00f6nderdi\u011fi insani yard\u0131mlar\u0131 ta\u015f\u0131yan u\u00e7ak bug\u00fcn Lazkiye Havaliman\u0131na indi.<\/p>\n","protected":false},"author":1,"featured_media":0,"comment_status":"closed","ping_status":"closed","sticky":false,"template":"","format":"standard","meta":{"footnotes":""},"categories":[17991],"tags":[],"class_list":["post-88133","post","type-post","status-publish","format-standard","","category-son-dakika"],"_links":{"self":[{"href":"https:\/\/archive.sana.sy\/tr\/index.php?rest_route=\/wp\/v2\/posts\/88133","targetHints":{"allow":["GET"]}}],"collection":[{"href":"https:\/\/archive.sana.sy\/tr\/index.php?rest_route=\/wp\/v2\/posts"}],"about":[{"href":"https:\/\/archive.sana.sy\/tr\/index.php?rest_route=\/wp\/v2\/types\/post"}],"author":[{"embeddable":true,"href":"https:\/\/archive.sana.sy\/tr\/index.php?rest_route=\/wp\/v2\/users\/1"}],"replies":[{"embeddable":true,"href":"https:\/\/archive.sana.sy\/tr\/index.php?rest_route=%2Fwp%2Fv2%2Fcomments&post=88133"}],"version-history":[{"count":0,"href":"https:\/\/archive.sana.sy\/tr\/index.php?rest_route=\/wp\/v2\/posts\/88133\/revisions"}],"wp:attachment":[{"href":"https:\/\/archive.sana.sy\/tr\/index.php?rest_route=%2Fwp%2Fv2%2Fmedia&parent=88133"}],"wp:term":[{"taxonomy":"category","embeddable":true,"href":"https:\/\/archive.sana.sy\/tr\/index.php?rest_route=%2Fwp%2Fv2%2Fcategories&post=88133"},{"taxonomy":"post_tag","embeddable":true,"href":"https:\/\/archive.sana.sy\/tr\/index.php?rest_route=%2Fwp%2Fv2%2Ftags&post=88133"}],"curies":[{"name":"wp","href":"https:\/\/api.w.org\/{rel}","templated":true}]}}