{"id":88150,"date":"2016-09-17T13:51:30","date_gmt":"2016-09-17T10:51:30","guid":{"rendered":"http:\/\/www.sana.sy\/tr\/?p=88150"},"modified":"2016-09-19T09:51:57","modified_gmt":"2016-09-19T06:51:57","slug":"belarusun-45-ton-insani-yardimi-ulasti","status":"publish","type":"post","link":"https:\/\/archive.sana.sy\/tr\/?p=88150","title":{"rendered":"Belarus\u2019un 45 Ton \u0130nsani Yard\u0131m\u0131 Ula\u015ft (video)"},"content":{"rendered":"<p>LAZK\u0130YE \u2013 Belarus h\u00fck\u00fcmeti ve halk\u0131n\u0131n, ter\u00f6re kar\u015f\u0131 m\u00fccadele g\u00fcc\u00fcn\u00fc peki\u015ftirme amac\u0131yla Suriye ve halk\u0131na g\u00f6nderdi\u011fi insani yard\u0131mlar\u0131 ta\u015f\u0131yan u\u00e7ak bug\u00fcn Lazkiye Havaliman\u0131na indi.<\/p>\n<p>\u0130nsani yard\u0131mlarda \u00e7ocuk gereksinimlerinin yan\u0131 s\u0131ra muhtelif t\u00fcr g\u0131da \u00fcr\u00fcnleri ve t\u00fcketim maddelerinden ibaret 45 ton yard\u0131m bulunuyor.<\/p>\n<p>U\u00e7a\u011f\u0131n kar\u015f\u0131lanmas\u0131nda yer alan Lazkiye Valisi \u0130brahim H\u0131z\u0131r el Salim; Suriye ve halk\u0131n\u0131n maruz kald\u0131\u011f\u0131 evrensel ter\u00f6r\u00fcn yan\u0131 s\u0131ra Suriye ve halk\u0131 i\u00e7in timsah g\u00f6zya\u015flar\u0131 d\u00f6ken kimi devletlerin uygulad\u0131klar\u0131 ekonomik yapt\u0131r\u0131mlar g\u00f6lgesinde bu yard\u0131mlar\u0131n \u00f6nemine dikkat \u00e7ekti. Vali Salim Belarus h\u00fck\u00fcmeti ve halk\u0131na \u015f\u00fckranlar\u0131n\u0131 ifade etti.<\/p>\n<p>Lazkiye Valisi Salim yard\u0131mlar\u0131n, ter\u00f6r \u00f6rg\u00fctlerin vah\u015fetlerinden ka\u00e7an ter\u00f6r ma\u011fduru ailelere da\u011f\u0131t\u0131laca\u011f\u0131n\u0131 belirtti.<\/p>\n<p>Belarus\u2019un \u015eam B\u00fcy\u00fckel\u00e7isi Alexandre Ponomarev \u00f6zellikle k\u0131\u015f aylar\u0131nda duyulacak ihtiya\u00e7lar g\u00f6z \u00f6n\u00fcnde bulunduruldu\u011funa dikkat \u00e7ekerken, \u00fclkesinin Suriye&#8217;yi destekleyen ilkeli tutumu kapsam\u0131nda yard\u0131mlar\u0131n\u0131 s\u00fcrd\u00fcrece\u011fini kaydetti.<\/p>\n<div id='gallery-1' class='gallery galleryid-88150 gallery-columns-3 gallery-size-thumbnail'><figure class='gallery-item'>\n\t\t\t<div class='gallery-icon landscape'>\n\t\t\t\t<a href='https:\/\/archive.sana.sy\/tr\/wp-content\/uploads\/2016\/09\/22-2.jpg'><img loading=\"lazy\" decoding=\"async\" width=\"150\" height=\"113\" src=\"https:\/\/archive.sana.sy\/tr\/wp-content\/uploads\/2016\/09\/22-2-150x113.jpg\" class=\"attachment-thumbnail size-thumbnail\" alt=\"\" srcset=\"https:\/\/archive.sana.sy\/tr\/wp-content\/uploads\/2016\/09\/22-2-150x113.jpg 150w, https:\/\/archive.sana.sy\/tr\/wp-content\/uploads\/2016\/09\/22-2-300x225.jpg 300w, https:\/\/archive.sana.sy\/tr\/wp-content\/uploads\/2016\/09\/22-2-768x576.jpg 768w, https:\/\/archive.sana.sy\/tr\/wp-content\/uploads\/2016\/09\/22-2-1024x768.jpg 1024w, https:\/\/archive.sana.sy\/tr\/wp-content\/uploads\/2016\/09\/22-2.jpg 1280w\" sizes=\"auto, (max-width: 150px) 100vw, 150px\" \/><\/a>\n\t\t\t<\/div><\/figure><figure class='gallery-item'>\n\t\t\t<div class='gallery-icon landscape'>\n\t\t\t\t<a href='https:\/\/archive.sana.sy\/tr\/wp-content\/uploads\/2016\/09\/33.jpg'><img loading=\"lazy\" decoding=\"async\" width=\"150\" height=\"103\" src=\"https:\/\/archive.sana.sy\/tr\/wp-content\/uploads\/2016\/09\/33-150x103.jpg\" class=\"attachment-thumbnail size-thumbnail\" alt=\"\" srcset=\"https:\/\/archive.sana.sy\/tr\/wp-content\/uploads\/2016\/09\/33-150x103.jpg 150w, https:\/\/archive.sana.sy\/tr\/wp-content\/uploads\/2016\/09\/33-300x206.jpg 300w, https:\/\/archive.sana.sy\/tr\/wp-content\/uploads\/2016\/09\/33-768x528.jpg 768w, https:\/\/archive.sana.sy\/tr\/wp-content\/uploads\/2016\/09\/33-1024x704.jpg 1024w, https:\/\/archive.sana.sy\/tr\/wp-content\/uploads\/2016\/09\/33-110x75.jpg 110w, https:\/\/archive.sana.sy\/tr\/wp-content\/uploads\/2016\/09\/33.jpg 1280w\" sizes=\"auto, (max-width: 150px) 100vw, 150px\" \/><\/a>\n\t\t\t<\/div><\/figure><figure class='gallery-item'>\n\t\t\t<div class='gallery-icon landscape'>\n\t\t\t\t<a href='https:\/\/archive.sana.sy\/tr\/wp-content\/uploads\/2016\/09\/44.jpg'><img loading=\"lazy\" decoding=\"async\" width=\"150\" height=\"94\" src=\"https:\/\/archive.sana.sy\/tr\/wp-content\/uploads\/2016\/09\/44-150x94.jpg\" class=\"attachment-thumbnail size-thumbnail\" alt=\"\" srcset=\"https:\/\/archive.sana.sy\/tr\/wp-content\/uploads\/2016\/09\/44-150x94.jpg 150w, https:\/\/archive.sana.sy\/tr\/wp-content\/uploads\/2016\/09\/44-300x188.jpg 300w, https:\/\/archive.sana.sy\/tr\/wp-content\/uploads\/2016\/09\/44-768x482.jpg 768w, https:\/\/archive.sana.sy\/tr\/wp-content\/uploads\/2016\/09\/44-1024x643.jpg 1024w, https:\/\/archive.sana.sy\/tr\/wp-content\/uploads\/2016\/09\/44.jpg 1280w\" sizes=\"auto, (max-width: 150px) 100vw, 150px\" \/><\/a>\n\t\t\t<\/div><\/figure>\n\t\t<\/div>\n\n<p>https:\/\/www.youtube.com\/watch?v=xZBPXjSiT8U<\/p>\n","protected":false},"excerpt":{"rendered":"<p>LAZK\u0130YE \u2013 Belarus h\u00fck\u00fcmeti ve halk\u0131n\u0131n, ter\u00f6re kar\u015f\u0131 m\u00fccadele g\u00fcc\u00fcn\u00fc peki\u015ftirme amac\u0131yla Suriye ve halk\u0131na g\u00f6nderdi\u011fi insani yard\u0131mlar\u0131 ta\u015f\u0131yan u\u00e7ak bug\u00fcn Lazkiye Havaliman\u0131na indi. \u0130nsani yard\u0131mlarda \u00e7ocuk gereksinimlerinin yan\u0131 s\u0131ra muhtelif t\u00fcr g\u0131da \u00fcr\u00fcnleri ve t\u00fcketim maddelerinden ibaret 45 ton yard\u0131m bulunuyor. U\u00e7a\u011f\u0131n kar\u015f\u0131lanmas\u0131nda yer alan Lazkiye Valisi \u0130brahim H\u0131z\u0131r el Salim; Suriye ve halk\u0131n\u0131n &hellip;<\/p>\n","protected":false},"author":1,"featured_media":88151,"comment_status":"closed","ping_status":"closed","sticky":false,"template":"","format":"standard","meta":{"footnotes":""},"categories":[479,17988,478],"tags":[23966],"class_list":["post-88150","post","type-post","status-publish","format-standard","has-post-thumbnail","","category-haberler-yerel","category-son-haberler","category-yerel","tag-belarusun-45-ton-insani-yardimi-ulasti"],"_links":{"self":[{"href":"https:\/\/archive.sana.sy\/tr\/index.php?rest_route=\/wp\/v2\/posts\/88150","targetHints":{"allow":["GET"]}}],"collection":[{"href":"https:\/\/archive.sana.sy\/tr\/index.php?rest_route=\/wp\/v2\/posts"}],"about":[{"href":"https:\/\/archive.sana.sy\/tr\/index.php?rest_route=\/wp\/v2\/types\/post"}],"author":[{"embeddable":true,"href":"https:\/\/archive.sana.sy\/tr\/index.php?rest_route=\/wp\/v2\/users\/1"}],"replies":[{"embeddable":true,"href":"https:\/\/archive.sana.sy\/tr\/index.php?rest_route=%2Fwp%2Fv2%2Fcomments&post=88150"}],"version-history":[{"count":0,"href":"https:\/\/archive.sana.sy\/tr\/index.php?rest_route=\/wp\/v2\/posts\/88150\/revisions"}],"wp:featuredmedia":[{"embeddable":true,"href":"https:\/\/archive.sana.sy\/tr\/index.php?rest_route=\/wp\/v2\/media\/88151"}],"wp:attachment":[{"href":"https:\/\/archive.sana.sy\/tr\/index.php?rest_route=%2Fwp%2Fv2%2Fmedia&parent=88150"}],"wp:term":[{"taxonomy":"category","embeddable":true,"href":"https:\/\/archive.sana.sy\/tr\/index.php?rest_route=%2Fwp%2Fv2%2Fcategories&post=88150"},{"taxonomy":"post_tag","embeddable":true,"href":"https:\/\/archive.sana.sy\/tr\/index.php?rest_route=%2Fwp%2Fv2%2Ftags&post=88150"}],"curies":[{"name":"wp","href":"https:\/\/api.w.org\/{rel}","templated":true}]}}