{"id":88159,"date":"2016-09-17T12:30:22","date_gmt":"2016-09-17T09:30:22","guid":{"rendered":"http:\/\/www.sana.sy\/tr\/?p=88159"},"modified":"2016-09-19T09:52:45","modified_gmt":"2016-09-19T06:52:45","slug":"abd-desifre-olmaktan-korkuyor","status":"publish","type":"post","link":"https:\/\/archive.sana.sy\/tr\/?p=88159","title":{"rendered":"ABD De\u015fifre Olmaktan Korkuyor"},"content":{"rendered":"<p>MOSKOVA \u2013 Rusya Ba\u015fkan\u0131 Vladimir Putin Moskova&#8217;n\u0131n Suriye&#8217;deki sorumlulu\u011funu tam ve dakik bir \u015fekilde yerine getirmekte oldu\u011funun alt\u0131n\u0131 \u00e7izerken, Suriye ordusunun da Rusya ve ABD aras\u0131nda var\u0131lan anla\u015fma kapsam\u0131nda \u00fcst\u00fcne d\u00fc\u015fen sorumluluklar\u0131 ayn\u0131 \u015fekilde hayata ge\u00e7irdi\u011fini vurgulad\u0131.<\/p>\n<p>K\u0131rg\u0131zistan\u2019\u0131n ba\u015fkenti Bi\u015fkek\u2019te d\u00fczenlenen Ba\u011f\u0131ms\u0131z Devletler Toplulu\u011fu zirvesi kapsam\u0131nda bas\u0131n toplant\u0131s\u0131 d\u00fczenleyen Putin, ABD\u2019nin anla\u015fma ayr\u0131nt\u0131lar\u0131n\u0131n ilan edilmesini istemedi\u011fini, \u00e7\u00fcnk\u00fc b\u00f6yle bir \u015feyin kimin sorumluluklar\u0131n\u0131 tam olarak yerine getirdi\u011fi, kimin de getirmedi\u011finin de\u015fifre olmas\u0131ndan endi\u015fe duydu\u011funu s\u00f6yledi. Putin bir di\u011fer nedeninin de ABD&#8217;nin Suriye&#8217;de sald\u0131r\u0131larda bulunacak g\u00fcc\u00fc koruma amac\u0131 ta\u015f\u0131d\u0131\u011f\u0131n\u0131 ifade etti<\/p>\n<p>Putin \u00fclkesinin, ABD\u2019nin iste\u011fi olmadan anla\u015fman\u0131n ayr\u0131nt\u0131lar\u0131n\u0131 a\u00e7\u0131klamayaca\u011f\u0131n\u0131 da s\u00f6zlerine ekledi.<\/p>\n<p>Ter\u00f6r \u00f6rg\u00fctleri ile \u2018mutedil muhalifler\u2019 aras\u0131n\u0131 ay\u0131ramama nedeniyle ABD\u2019nin Suriye&#8217;de zorluklar ya\u015fad\u0131\u011f\u0131na i\u015faret eden Putin; Rusya&#8217;n\u0131n Suriye&#8217;de ter\u00f6r \u00f6rg\u00fctlerini \u2018muhaliflerden\u2019 ay\u0131rma gibi bir durum g\u00f6rmedi\u011fini belirtti. Putin ger\u00e7ekte g\u00f6r\u00fcnen \u015feyin ter\u00f6r \u00f6rg\u00fctlerin saflar\u0131n\u0131 birle\u015ftirip yeniden konu\u015flanmalar\u0131ndan ibaret oldu\u011funa vurgu yapt\u0131.<\/p>\n","protected":false},"excerpt":{"rendered":"<p>MOSKOVA \u2013 Rusya Ba\u015fkan\u0131 Vladimir Putin Moskova&#8217;n\u0131n Suriye&#8217;deki sorumlulu\u011funu tam ve dakik bir \u015fekilde yerine getirmekte oldu\u011funun alt\u0131n\u0131 \u00e7izerken, Suriye ordusunun da Rusya ve ABD aras\u0131nda var\u0131lan anla\u015fma kapsam\u0131nda \u00fcst\u00fcne d\u00fc\u015fen sorumluluklar\u0131 ayn\u0131 \u015fekilde hayata ge\u00e7irdi\u011fini vurgulad\u0131. K\u0131rg\u0131zistan\u2019\u0131n ba\u015fkenti Bi\u015fkek\u2019te d\u00fczenlenen Ba\u011f\u0131ms\u0131z Devletler Toplulu\u011fu zirvesi kapsam\u0131nda bas\u0131n toplant\u0131s\u0131 d\u00fczenleyen Putin, ABD\u2019nin anla\u015fma ayr\u0131nt\u0131lar\u0131n\u0131n ilan edilmesini &hellip;<\/p>\n","protected":false},"author":1,"featured_media":88161,"comment_status":"closed","ping_status":"closed","sticky":false,"template":"","format":"standard","meta":{"footnotes":""},"categories":[458,459,17988],"tags":[23967,23848,18850,19043,16744],"class_list":["post-88159","post","type-post","status-publish","format-standard","has-post-thumbnail","","category-dunya1","category-haberler-arap-uluslararasi-politika","category-son-haberler","tag-abd-desifre-olmaktan-korkuyor","tag-rusya-abd-anlasmasi","tag-rusya-baskani","tag-suriyede-son-durum","tag-vladimir-putin"],"_links":{"self":[{"href":"https:\/\/archive.sana.sy\/tr\/index.php?rest_route=\/wp\/v2\/posts\/88159","targetHints":{"allow":["GET"]}}],"collection":[{"href":"https:\/\/archive.sana.sy\/tr\/index.php?rest_route=\/wp\/v2\/posts"}],"about":[{"href":"https:\/\/archive.sana.sy\/tr\/index.php?rest_route=\/wp\/v2\/types\/post"}],"author":[{"embeddable":true,"href":"https:\/\/archive.sana.sy\/tr\/index.php?rest_route=\/wp\/v2\/users\/1"}],"replies":[{"embeddable":true,"href":"https:\/\/archive.sana.sy\/tr\/index.php?rest_route=%2Fwp%2Fv2%2Fcomments&post=88159"}],"version-history":[{"count":0,"href":"https:\/\/archive.sana.sy\/tr\/index.php?rest_route=\/wp\/v2\/posts\/88159\/revisions"}],"wp:featuredmedia":[{"embeddable":true,"href":"https:\/\/archive.sana.sy\/tr\/index.php?rest_route=\/wp\/v2\/media\/88161"}],"wp:attachment":[{"href":"https:\/\/archive.sana.sy\/tr\/index.php?rest_route=%2Fwp%2Fv2%2Fmedia&parent=88159"}],"wp:term":[{"taxonomy":"category","embeddable":true,"href":"https:\/\/archive.sana.sy\/tr\/index.php?rest_route=%2Fwp%2Fv2%2Fcategories&post=88159"},{"taxonomy":"post_tag","embeddable":true,"href":"https:\/\/archive.sana.sy\/tr\/index.php?rest_route=%2Fwp%2Fv2%2Ftags&post=88159"}],"curies":[{"name":"wp","href":"https:\/\/api.w.org\/{rel}","templated":true}]}}