{"id":88162,"date":"2016-09-17T11:15:23","date_gmt":"2016-09-17T08:15:23","guid":{"rendered":"http:\/\/www.sana.sy\/tr\/?p=88162"},"modified":"2016-09-17T14:12:00","modified_gmt":"2016-09-17T11:12:00","slug":"kirgizistanin-baskenti-biskekte-duzenlenen-bagimsiz-devletler-toplulugu-zirvesi-kapsaminda-basin-toplantisi-duzenleyen-putin-abdnin-anlasma-ayrintilarinin-ilan-edilmesini-i","status":"publish","type":"post","link":"https:\/\/archive.sana.sy\/tr\/?p=88162","title":{"rendered":"K\u0131rg\u0131zistan\u2019\u0131n ba\u015fkenti Bi\u015fkek\u2019te d\u00fczenlenen Ba\u011f\u0131ms\u0131z Devletler Toplulu\u011fu zirvesi kapsam\u0131nda bas\u0131n toplant\u0131s\u0131 d\u00fczenleyen Putin, ABD\u2019nin anla\u015fma ayr\u0131nt\u0131lar\u0131n\u0131n ilan edilmesini istemedi\u011fini, \u00e7\u00fcnk\u00fc b\u00f6yle bir \u015feyin kimin sorumluluklar\u0131n\u0131 tam olarak yerine getirdi\u011fi, kimin de getirmedi\u011finin de\u015fifre olmas\u0131ndan endi\u015fe duydu\u011funu s\u00f6yledi"},"content":{"rendered":"<p>K\u0131rg\u0131zistan\u2019\u0131n ba\u015fkenti Bi\u015fkek\u2019te d\u00fczenlenen Ba\u011f\u0131ms\u0131z Devletler Toplulu\u011fu zirvesi kapsam\u0131nda bas\u0131n toplant\u0131s\u0131 d\u00fczenleyen Putin, ABD\u2019nin anla\u015fma ayr\u0131nt\u0131lar\u0131n\u0131n ilan edilmesini istemedi\u011fini, \u00e7\u00fcnk\u00fc b\u00f6yle bir \u015feyin kimin sorumluluklar\u0131n\u0131 tam olarak yerine getirdi\u011fi, kimin de getirmedi\u011finin de\u015fifre olmas\u0131ndan endi\u015fe duydu\u011funu s\u00f6yledi<\/p>\n","protected":false},"excerpt":{"rendered":"<p>K\u0131rg\u0131zistan\u2019\u0131n ba\u015fkenti Bi\u015fkek\u2019te d\u00fczenlenen Ba\u011f\u0131ms\u0131z Devletler Toplulu\u011fu zirvesi kapsam\u0131nda bas\u0131n toplant\u0131s\u0131 d\u00fczenleyen Putin, ABD\u2019nin anla\u015fma ayr\u0131nt\u0131lar\u0131n\u0131n ilan edilmesini istemedi\u011fini, \u00e7\u00fcnk\u00fc b\u00f6yle bir \u015feyin kimin sorumluluklar\u0131n\u0131 tam olarak yerine getirdi\u011fi, kimin de getirmedi\u011finin de\u015fifre olmas\u0131ndan endi\u015fe duydu\u011funu s\u00f6yledi<\/p>\n","protected":false},"author":1,"featured_media":0,"comment_status":"closed","ping_status":"closed","sticky":false,"template":"","format":"standard","meta":{"footnotes":""},"categories":[17991],"tags":[],"class_list":["post-88162","post","type-post","status-publish","format-standard","","category-son-dakika"],"_links":{"self":[{"href":"https:\/\/archive.sana.sy\/tr\/index.php?rest_route=\/wp\/v2\/posts\/88162","targetHints":{"allow":["GET"]}}],"collection":[{"href":"https:\/\/archive.sana.sy\/tr\/index.php?rest_route=\/wp\/v2\/posts"}],"about":[{"href":"https:\/\/archive.sana.sy\/tr\/index.php?rest_route=\/wp\/v2\/types\/post"}],"author":[{"embeddable":true,"href":"https:\/\/archive.sana.sy\/tr\/index.php?rest_route=\/wp\/v2\/users\/1"}],"replies":[{"embeddable":true,"href":"https:\/\/archive.sana.sy\/tr\/index.php?rest_route=%2Fwp%2Fv2%2Fcomments&post=88162"}],"version-history":[{"count":0,"href":"https:\/\/archive.sana.sy\/tr\/index.php?rest_route=\/wp\/v2\/posts\/88162\/revisions"}],"wp:attachment":[{"href":"https:\/\/archive.sana.sy\/tr\/index.php?rest_route=%2Fwp%2Fv2%2Fmedia&parent=88162"}],"wp:term":[{"taxonomy":"category","embeddable":true,"href":"https:\/\/archive.sana.sy\/tr\/index.php?rest_route=%2Fwp%2Fv2%2Fcategories&post=88162"},{"taxonomy":"post_tag","embeddable":true,"href":"https:\/\/archive.sana.sy\/tr\/index.php?rest_route=%2Fwp%2Fv2%2Ftags&post=88162"}],"curies":[{"name":"wp","href":"https:\/\/api.w.org\/{rel}","templated":true}]}}