{"id":88164,"date":"2016-09-17T11:19:48","date_gmt":"2016-09-17T08:19:48","guid":{"rendered":"http:\/\/www.sana.sy\/tr\/?p=88164"},"modified":"2016-09-17T14:12:25","modified_gmt":"2016-09-17T11:12:25","slug":"teror-orgutleri-ile-mutedil-muhalifler-arasini-ayiramama-nedeniyle-abdnin-suriyede-zorluklar-yasadigina-isaret-eden-putin-rusyanin-suriyede-teror-orgutlerini","status":"publish","type":"post","link":"https:\/\/archive.sana.sy\/tr\/?p=88164","title":{"rendered":"Ter\u00f6r \u00f6rg\u00fctleri ile \u2018mutedil muhalifler\u2019 aras\u0131n\u0131 ay\u0131ramama nedeniyle ABD\u2019nin Suriye&#8217;de zorluklar ya\u015fad\u0131\u011f\u0131na i\u015faret eden Putin; Rusya&#8217;n\u0131n Suriye&#8217;de ter\u00f6r \u00f6rg\u00fctlerini \u2018muhaliflerden\u2019 ay\u0131rma gibi bir durum g\u00f6rmedi\u011fini belirtti."},"content":{"rendered":"<p>Ter\u00f6r \u00f6rg\u00fctleri ile \u2018mutedil muhalifler\u2019 aras\u0131n\u0131 ay\u0131ramama nedeniyle ABD\u2019nin Suriye&#8217;de zorluklar ya\u015fad\u0131\u011f\u0131na i\u015faret eden Putin; Rusya&#8217;n\u0131n Suriye&#8217;de ter\u00f6r \u00f6rg\u00fctlerini \u2018muhaliflerden\u2019 ay\u0131rma gibi bir durum g\u00f6rmedi\u011fini belirtti.<\/p>\n","protected":false},"excerpt":{"rendered":"<p>Ter\u00f6r \u00f6rg\u00fctleri ile \u2018mutedil muhalifler\u2019 aras\u0131n\u0131 ay\u0131ramama nedeniyle ABD\u2019nin Suriye&#8217;de zorluklar ya\u015fad\u0131\u011f\u0131na i\u015faret eden Putin; Rusya&#8217;n\u0131n Suriye&#8217;de ter\u00f6r \u00f6rg\u00fctlerini \u2018muhaliflerden\u2019 ay\u0131rma gibi bir durum g\u00f6rmedi\u011fini belirtti.<\/p>\n","protected":false},"author":1,"featured_media":0,"comment_status":"closed","ping_status":"closed","sticky":false,"template":"","format":"standard","meta":{"footnotes":""},"categories":[17991],"tags":[],"class_list":["post-88164","post","type-post","status-publish","format-standard","","category-son-dakika"],"_links":{"self":[{"href":"https:\/\/archive.sana.sy\/tr\/index.php?rest_route=\/wp\/v2\/posts\/88164","targetHints":{"allow":["GET"]}}],"collection":[{"href":"https:\/\/archive.sana.sy\/tr\/index.php?rest_route=\/wp\/v2\/posts"}],"about":[{"href":"https:\/\/archive.sana.sy\/tr\/index.php?rest_route=\/wp\/v2\/types\/post"}],"author":[{"embeddable":true,"href":"https:\/\/archive.sana.sy\/tr\/index.php?rest_route=\/wp\/v2\/users\/1"}],"replies":[{"embeddable":true,"href":"https:\/\/archive.sana.sy\/tr\/index.php?rest_route=%2Fwp%2Fv2%2Fcomments&post=88164"}],"version-history":[{"count":0,"href":"https:\/\/archive.sana.sy\/tr\/index.php?rest_route=\/wp\/v2\/posts\/88164\/revisions"}],"wp:attachment":[{"href":"https:\/\/archive.sana.sy\/tr\/index.php?rest_route=%2Fwp%2Fv2%2Fmedia&parent=88164"}],"wp:term":[{"taxonomy":"category","embeddable":true,"href":"https:\/\/archive.sana.sy\/tr\/index.php?rest_route=%2Fwp%2Fv2%2Fcategories&post=88164"},{"taxonomy":"post_tag","embeddable":true,"href":"https:\/\/archive.sana.sy\/tr\/index.php?rest_route=%2Fwp%2Fv2%2Ftags&post=88164"}],"curies":[{"name":"wp","href":"https:\/\/api.w.org\/{rel}","templated":true}]}}