{"id":88194,"date":"2016-09-17T16:14:53","date_gmt":"2016-09-17T13:14:53","guid":{"rendered":"http:\/\/www.sana.sy\/tr\/?p=88194"},"modified":"2016-09-19T09:51:47","modified_gmt":"2016-09-19T06:51:47","slug":"okullar-yarin-basliyor","status":"publish","type":"post","link":"https:\/\/archive.sana.sy\/tr\/?p=88194","title":{"rendered":"Okullar Yar\u0131n Ba\u015fl\u0131yor"},"content":{"rendered":"<p>\u015eAM \u2013 E\u011fitim Bakanl\u0131\u011f\u0131 ve t\u00fcm illerde mevcut m\u00fcd\u00fcrl\u00fckleri yar\u0131n ba\u015flayacak 2016\/2017 yeni \u00f6\u011fretim y\u0131l\u0131 i\u00e7in t\u00fcm haz\u0131rl\u0131klar\u0131n\u0131 tamamlad\u0131\u011f\u0131n\u0131 ilan etti.<\/p>\n<p>Kre\u015f, ilk\u00f6\u011fretim ve lise okullar\u0131yla bakanl\u0131\u011fa tabi t\u00fcm okullarda yakla\u015f\u0131k 4 milyon \u00f6\u011frencinin yar\u0131n yeniden okul zillerini duyaca\u011f\u0131na dikkat \u00e7eken E\u011fitim Bakan\u0131 Hezvan el Vez, bu \u00f6\u011frencilerin t\u00fcm illerde muhtelif b\u00f6lgelere da\u011f\u0131lan 15 bin okulda e\u011fitimlerini s\u00fcrd\u00fcreceklerini kaydetti.<\/p>\n<p>E\u011fitim Bakan\u0131 Vez ter\u00f6ristlerin e\u011fitim sekt\u00f6r\u00fcne sistematik sald\u0131r\u0131lar\u0131 nedeniyle 281 milyar lira hasar\u0131n meydana geldi\u011fine i\u015faret ederken, bakanl\u0131\u011f\u0131n sabote edilen \u00e7ok say\u0131da okulu yaz tatilinde onarmay\u0131 ba\u015fard\u0131\u011f\u0131n\u0131 ifade etti.<\/p>\n<p>Okul kitaplar\u0131n\u0131n her daim oldu\u011fu gibi \u00f6\u011frencilere \u00fccretsiz da\u011f\u0131t\u0131laca\u011f\u0131na i\u015faret eden Bakan Vez; Halep dahil t\u00fcm illerdeki okullara okul kitaplar\u0131n\u0131n g\u00f6nderildi\u011fini, bu kitaplar\u0131n okulun ilk haftas\u0131nda \u00f6\u011frencilere da\u011f\u0131t\u0131laca\u011f\u0131n\u0131 s\u00f6yledi.<\/p>\n<p>Bakan Vez Halep\u2019te yakla\u015f\u0131k 270 bin \u00f6\u011frencinin e\u011fitim s\u00fcrecine kat\u0131laca\u011f\u0131n\u0131 ifade ederken, Halep\u2019in do\u011fu semtlerinde ter\u00f6ristlerden ka\u00e7an \u00f6\u011fretmenlerin g\u00fcvenli b\u00f6lgelerdeki okullarda g\u00f6rev yapacaklar\u0131n\u0131 a\u00e7\u0131klad\u0131.<\/p>\n","protected":false},"excerpt":{"rendered":"<p>\u015eAM \u2013 E\u011fitim Bakanl\u0131\u011f\u0131 ve t\u00fcm illerde mevcut m\u00fcd\u00fcrl\u00fckleri yar\u0131n ba\u015flayacak 2016\/2017 yeni \u00f6\u011fretim y\u0131l\u0131 i\u00e7in t\u00fcm haz\u0131rl\u0131klar\u0131n\u0131 tamamlad\u0131\u011f\u0131n\u0131 ilan etti. Kre\u015f, ilk\u00f6\u011fretim ve lise okullar\u0131yla bakanl\u0131\u011fa tabi t\u00fcm okullarda yakla\u015f\u0131k 4 milyon \u00f6\u011frencinin yar\u0131n yeniden okul zillerini duyaca\u011f\u0131na dikkat \u00e7eken E\u011fitim Bakan\u0131 Hezvan el Vez, bu \u00f6\u011frencilerin t\u00fcm illerde muhtelif b\u00f6lgelere da\u011f\u0131lan 15 bin &hellip;<\/p>\n","protected":false},"author":1,"featured_media":88195,"comment_status":"closed","ping_status":"closed","sticky":false,"template":"","format":"standard","meta":{"footnotes":""},"categories":[479,17988,478],"tags":[23969,18407,22201,23968],"class_list":["post-88194","post","type-post","status-publish","format-standard","has-post-thumbnail","","category-haberler-yerel","category-son-haberler","category-yerel","tag-20162017-yeni-ogretim-yili","tag-egitim-bakanligi","tag-hezvan-el-vez","tag-okullar-yarin-basliyor"],"_links":{"self":[{"href":"https:\/\/archive.sana.sy\/tr\/index.php?rest_route=\/wp\/v2\/posts\/88194","targetHints":{"allow":["GET"]}}],"collection":[{"href":"https:\/\/archive.sana.sy\/tr\/index.php?rest_route=\/wp\/v2\/posts"}],"about":[{"href":"https:\/\/archive.sana.sy\/tr\/index.php?rest_route=\/wp\/v2\/types\/post"}],"author":[{"embeddable":true,"href":"https:\/\/archive.sana.sy\/tr\/index.php?rest_route=\/wp\/v2\/users\/1"}],"replies":[{"embeddable":true,"href":"https:\/\/archive.sana.sy\/tr\/index.php?rest_route=%2Fwp%2Fv2%2Fcomments&post=88194"}],"version-history":[{"count":0,"href":"https:\/\/archive.sana.sy\/tr\/index.php?rest_route=\/wp\/v2\/posts\/88194\/revisions"}],"wp:featuredmedia":[{"embeddable":true,"href":"https:\/\/archive.sana.sy\/tr\/index.php?rest_route=\/wp\/v2\/media\/88195"}],"wp:attachment":[{"href":"https:\/\/archive.sana.sy\/tr\/index.php?rest_route=%2Fwp%2Fv2%2Fmedia&parent=88194"}],"wp:term":[{"taxonomy":"category","embeddable":true,"href":"https:\/\/archive.sana.sy\/tr\/index.php?rest_route=%2Fwp%2Fv2%2Fcategories&post=88194"},{"taxonomy":"post_tag","embeddable":true,"href":"https:\/\/archive.sana.sy\/tr\/index.php?rest_route=%2Fwp%2Fv2%2Ftags&post=88194"}],"curies":[{"name":"wp","href":"https:\/\/api.w.org\/{rel}","templated":true}]}}