{"id":88205,"date":"2016-09-17T16:53:53","date_gmt":"2016-09-17T13:53:53","guid":{"rendered":"http:\/\/www.sana.sy\/tr\/?p=88205"},"modified":"2016-09-19T09:52:16","modified_gmt":"2016-09-19T06:52:16","slug":"bakanligin-pratik-calisma-mekanizmasi-belirlendi","status":"publish","type":"post","link":"https:\/\/archive.sana.sy\/tr\/?p=88205","title":{"rendered":"Bakanl\u0131\u011f\u0131n Pratik \u00c7al\u0131\u015fma Mekanizmas\u0131 Belirlendi"},"content":{"rendered":"<p>\u015eAM \u2013 Ba\u015fbakan \u0130mad Hamis\u2019in ba\u015fkanl\u0131\u011f\u0131nda d\u00fczenlenen i\u015f toplant\u0131s\u0131nda bug\u00fcn Sanayi Bakanl\u0131\u011f\u0131n\u0131n \u00f6zel ve kamu alanlar\u0131yla sanayi sekt\u00f6r\u00fcn\u00fc etkinle\u015ftirme ama\u00e7l\u0131 pratik \u00e7al\u0131\u015fma mekanizmas\u0131 belirlendi.<\/p>\n<p>\u00c7al\u0131\u015fma mekanizmas\u0131nda ilgili t\u00fcm bakanlara g\u00f6rev da\u011f\u0131l\u0131m\u0131 yap\u0131l\u0131rken, hayata ge\u00e7irilmesi i\u00e7in belirli bir zaman s\u00fcresi de tan\u0131nd\u0131. \u00d6zel sanayi sekt\u00f6r\u00fcne ili\u015fkin anayasa ve d\u00fczenlemelerinin tart\u0131\u015f\u0131ld\u0131\u011f\u0131 toplant\u0131da, \u00fcretimde aksamalar\u0131 bulunan \u015firketlerin durumlar\u0131 ve bu \u015firketlerin heykelini yeniden d\u00fczenleme meselesi de tart\u0131\u015f\u0131ld\u0131.<a href=\"http:\/\/www.sana.sy\/tr\/wp-content\/uploads\/2016\/09\/Hamis2.jpg\"><img loading=\"lazy\" decoding=\"async\" class=\"alignright wp-image-88207 size-medium\" src=\"http:\/\/www.sana.sy\/tr\/wp-content\/uploads\/2016\/09\/Hamis2-300x160.jpg\" alt=\"hamis2\" width=\"300\" height=\"160\" srcset=\"https:\/\/archive.sana.sy\/tr\/wp-content\/uploads\/2016\/09\/Hamis2-300x160.jpg 300w, https:\/\/archive.sana.sy\/tr\/wp-content\/uploads\/2016\/09\/Hamis2-150x80.jpg 150w, https:\/\/archive.sana.sy\/tr\/wp-content\/uploads\/2016\/09\/Hamis2-768x410.jpg 768w, https:\/\/archive.sana.sy\/tr\/wp-content\/uploads\/2016\/09\/Hamis2-1024x547.jpg 1024w, https:\/\/archive.sana.sy\/tr\/wp-content\/uploads\/2016\/09\/Hamis2-310x165.jpg 310w\" sizes=\"auto, (max-width: 300px) 100vw, 300px\" \/><\/a><\/p>\n<p>Toplant\u0131da mevcut ko\u015fullardan dolay\u0131 hasar g\u00f6ren ve \u00fcretime devam eden \u015firketlerin desteklenmesi dahil sanayi sekt\u00f6r\u00fcn\u00fc geli\u015ftirme \u00e7er\u00e7evesinde ayr\u0131nt\u0131lara kadar inilirken t\u00fcm \u015firketlerden \u00fcretim ve genel olarak t\u00fcm durumlar\u0131na ili\u015fkin ayr\u0131nt\u0131l\u0131 bir rapor takdim etmeleri karar\u0131 al\u0131nd\u0131.<\/p>\n<p>\u00d6zel sanayi sekt\u00f6r\u00fc konusunda ise toplant\u0131da her ilde; yeniden \u00fcretime ba\u015flamak isteyen sanayicilere destek olma ve sorunlar\u0131n\u0131 halletme ama\u00e7l\u0131 uzman komitelerin te\u015fkil edilmesi karar\u0131 al\u0131nd\u0131.<\/p>\n<p>Toplant\u0131ya ekonomi ve hizmet alanlar\u0131yla ilgili t\u00fcm bakanl\u0131klar kat\u0131ld\u0131.<\/p>\n","protected":false},"excerpt":{"rendered":"<p>\u015eAM \u2013 Ba\u015fbakan \u0130mad Hamis\u2019in ba\u015fkanl\u0131\u011f\u0131nda d\u00fczenlenen i\u015f toplant\u0131s\u0131nda bug\u00fcn Sanayi Bakanl\u0131\u011f\u0131n\u0131n \u00f6zel ve kamu alanlar\u0131yla sanayi sekt\u00f6r\u00fcn\u00fc etkinle\u015ftirme ama\u00e7l\u0131 pratik \u00e7al\u0131\u015fma mekanizmas\u0131 belirlendi. \u00c7al\u0131\u015fma mekanizmas\u0131nda ilgili t\u00fcm bakanlara g\u00f6rev da\u011f\u0131l\u0131m\u0131 yap\u0131l\u0131rken, hayata ge\u00e7irilmesi i\u00e7in belirli bir zaman s\u00fcresi de tan\u0131nd\u0131. \u00d6zel sanayi sekt\u00f6r\u00fcne ili\u015fkin anayasa ve d\u00fczenlemelerinin tart\u0131\u015f\u0131ld\u0131\u011f\u0131 toplant\u0131da, \u00fcretimde aksamalar\u0131 bulunan \u015firketlerin durumlar\u0131 &hellip;<\/p>\n","protected":false},"author":1,"featured_media":88206,"comment_status":"closed","ping_status":"closed","sticky":false,"template":"","format":"standard","meta":{"footnotes":""},"categories":[485,486,17988],"tags":[23976,18703,22366,23977],"class_list":["post-88205","post","type-post","status-publish","format-standard","has-post-thumbnail","","category-is-ve-sermaye","category-haberler-is-ve-sermaye","category-son-haberler","tag-bakanligin-pratik-calisma-mekanizmasi-belirlendi","tag-basbakan","tag-basbakan-imad-hamis","tag-sanai-sektoru"],"_links":{"self":[{"href":"https:\/\/archive.sana.sy\/tr\/index.php?rest_route=\/wp\/v2\/posts\/88205","targetHints":{"allow":["GET"]}}],"collection":[{"href":"https:\/\/archive.sana.sy\/tr\/index.php?rest_route=\/wp\/v2\/posts"}],"about":[{"href":"https:\/\/archive.sana.sy\/tr\/index.php?rest_route=\/wp\/v2\/types\/post"}],"author":[{"embeddable":true,"href":"https:\/\/archive.sana.sy\/tr\/index.php?rest_route=\/wp\/v2\/users\/1"}],"replies":[{"embeddable":true,"href":"https:\/\/archive.sana.sy\/tr\/index.php?rest_route=%2Fwp%2Fv2%2Fcomments&post=88205"}],"version-history":[{"count":0,"href":"https:\/\/archive.sana.sy\/tr\/index.php?rest_route=\/wp\/v2\/posts\/88205\/revisions"}],"wp:featuredmedia":[{"embeddable":true,"href":"https:\/\/archive.sana.sy\/tr\/index.php?rest_route=\/wp\/v2\/media\/88206"}],"wp:attachment":[{"href":"https:\/\/archive.sana.sy\/tr\/index.php?rest_route=%2Fwp%2Fv2%2Fmedia&parent=88205"}],"wp:term":[{"taxonomy":"category","embeddable":true,"href":"https:\/\/archive.sana.sy\/tr\/index.php?rest_route=%2Fwp%2Fv2%2Fcategories&post=88205"},{"taxonomy":"post_tag","embeddable":true,"href":"https:\/\/archive.sana.sy\/tr\/index.php?rest_route=%2Fwp%2Fv2%2Ftags&post=88205"}],"curies":[{"name":"wp","href":"https:\/\/api.w.org\/{rel}","templated":true}]}}