{"id":88221,"date":"2016-09-17T19:07:09","date_gmt":"2016-09-17T16:07:09","guid":{"rendered":"http:\/\/www.sana.sy\/tr\/?p=88221"},"modified":"2016-09-17T19:08:05","modified_gmt":"2016-09-17T16:08:05","slug":"yetkili-kaynak-sananin-bir-nushasini-aldigi-beyaninda-suriye-arap-cumhuriyeti-hukumetinin-yasanan-kriz-ve-zor-kosullari-atlatma-amaciyla-vatanin-her-karis-topraginda-istisnasiz-tum-vatandas","status":"publish","type":"post","link":"https:\/\/archive.sana.sy\/tr\/?p=88221","title":{"rendered":"Yetkili kaynak SANA\u2019n\u0131n bir n\u00fcshas\u0131n\u0131 ald\u0131\u011f\u0131 beyan\u0131nda; Suriye Arap Cumhuriyeti h\u00fck\u00fcmetinin, ya\u015fanan kriz ve zor ko\u015fullar\u0131 atlatma amac\u0131yla vatan\u0131n her kar\u0131\u015f topra\u011f\u0131nda istisnas\u0131z t\u00fcm vatanda\u015flar\u0131 i\u00e7in \u00fcst\u00fcne d\u00fc\u015fen sorumluluk ve vacibinin tamam\u0131n\u0131 yerine getirmekte oldu\u011funu ifade etti"},"content":{"rendered":"<p>Yetkili kaynak SANA\u2019n\u0131n bir n\u00fcshas\u0131n\u0131 ald\u0131\u011f\u0131 beyan\u0131nda; Suriye Arap Cumhuriyeti h\u00fck\u00fcmetinin, ya\u015fanan kriz ve zor ko\u015fullar\u0131 atlatma amac\u0131yla vatan\u0131n her kar\u0131\u015f topra\u011f\u0131nda istisnas\u0131z t\u00fcm vatanda\u015flar\u0131 i\u00e7in \u00fcst\u00fcne d\u00fc\u015fen sorumluluk ve vacibinin tamam\u0131n\u0131 yerine getirmekte oldu\u011funu ifade etti<\/p>\n","protected":false},"excerpt":{"rendered":"<p>Yetkili kaynak SANA\u2019n\u0131n bir n\u00fcshas\u0131n\u0131 ald\u0131\u011f\u0131 beyan\u0131nda; Suriye Arap Cumhuriyeti h\u00fck\u00fcmetinin, ya\u015fanan kriz ve zor ko\u015fullar\u0131 atlatma amac\u0131yla vatan\u0131n her kar\u0131\u015f topra\u011f\u0131nda istisnas\u0131z t\u00fcm vatanda\u015flar\u0131 i\u00e7in \u00fcst\u00fcne d\u00fc\u015fen sorumluluk ve vacibinin tamam\u0131n\u0131 yerine getirmekte oldu\u011funu ifade etti<\/p>\n","protected":false},"author":1,"featured_media":0,"comment_status":"closed","ping_status":"closed","sticky":false,"template":"","format":"standard","meta":{"footnotes":""},"categories":[17991],"tags":[],"class_list":["post-88221","post","type-post","status-publish","format-standard","","category-son-dakika"],"_links":{"self":[{"href":"https:\/\/archive.sana.sy\/tr\/index.php?rest_route=\/wp\/v2\/posts\/88221","targetHints":{"allow":["GET"]}}],"collection":[{"href":"https:\/\/archive.sana.sy\/tr\/index.php?rest_route=\/wp\/v2\/posts"}],"about":[{"href":"https:\/\/archive.sana.sy\/tr\/index.php?rest_route=\/wp\/v2\/types\/post"}],"author":[{"embeddable":true,"href":"https:\/\/archive.sana.sy\/tr\/index.php?rest_route=\/wp\/v2\/users\/1"}],"replies":[{"embeddable":true,"href":"https:\/\/archive.sana.sy\/tr\/index.php?rest_route=%2Fwp%2Fv2%2Fcomments&post=88221"}],"version-history":[{"count":0,"href":"https:\/\/archive.sana.sy\/tr\/index.php?rest_route=\/wp\/v2\/posts\/88221\/revisions"}],"wp:attachment":[{"href":"https:\/\/archive.sana.sy\/tr\/index.php?rest_route=%2Fwp%2Fv2%2Fmedia&parent=88221"}],"wp:term":[{"taxonomy":"category","embeddable":true,"href":"https:\/\/archive.sana.sy\/tr\/index.php?rest_route=%2Fwp%2Fv2%2Fcategories&post=88221"},{"taxonomy":"post_tag","embeddable":true,"href":"https:\/\/archive.sana.sy\/tr\/index.php?rest_route=%2Fwp%2Fv2%2Ftags&post=88221"}],"curies":[{"name":"wp","href":"https:\/\/api.w.org\/{rel}","templated":true}]}}