{"id":88234,"date":"2016-09-17T22:40:09","date_gmt":"2016-09-17T19:40:09","guid":{"rendered":"http:\/\/www.sana.sy\/tr\/?p=88234"},"modified":"2016-09-18T16:04:22","modified_gmt":"2016-09-18T13:04:22","slug":"terorle-mucadele-iddialari-bir-yana-teroru-desteklediklerini-kanitliyor","status":"publish","type":"post","link":"https:\/\/archive.sana.sy\/tr\/?p=88234","title":{"rendered":"Ter\u00f6rle M\u00fccadele \u0130ddialar\u0131 Bir Yana, Ter\u00f6r\u00fc Desteklediklerini Kan\u0131tl\u0131yor"},"content":{"rendered":"<p>\u0130LLER \u2013 ABD ve \u0130srail&#8217;in Suriye&#8217;de I\u015e\u0130D, Nusra Cephesi ve di\u011fer ter\u00f6r \u00f6rg\u00fctlere direk deste\u011fi kapsam\u0131nda bug\u00fcn ABD komutas\u0131ndaki uluslar aras\u0131 koalisyon u\u00e7aklar\u0131 Deyrezzor\u2019da I\u015e\u0130D\u2019e destek niteli\u011finde Suriye ordusunun bir mevkiini bombalarken, \u0130srail ise Kunaytra\u2019da Nusra Cephesine destek niteli\u011finde askeri bir mevkii bombalad\u0131.<\/p>\n<p><span style=\"color: #0000ff\">Ku\u015fkuya Yer Kalmad\u0131<\/span><\/p>\n<p>Ordu ve Silahl\u0131 Kuvvetler Genel Komutanl\u0131\u011f\u0131 yay\u0131nlad\u0131\u011f\u0131 askeri beyanda; ABD komutas\u0131ndaki uluslar aras\u0131 koalisyon u\u00e7aklar\u0131n bug\u00fcn saat 17 sular\u0131nda Deyrezzor Askeri Havaliman\u0131 civar\u0131nda bulunan Serda Da\u011f\u0131nda Suriye ordusunun bir mevkiini bombalad\u0131klar\u0131n\u0131 belirtti. Komutanl\u0131k koalisyon u\u00e7aklar\u0131n\u0131n s\u00f6z konusu sald\u0131r\u0131s\u0131 sonucunda ordu birliklerimizin be\u015feri ve te\u00e7hizat a\u00e7\u0131s\u0131ndan kay\u0131plar verdiklerinin alt\u0131n\u0131 \u00e7izerken, mevkie sald\u0131ran I\u015e\u0130D\u2019li radikal ter\u00f6ristlere destek niteli\u011finde olmas\u0131yla ter\u00f6ristlerin mevkii ellerine ge\u00e7irdiklerine vurgu yapt\u0131.<\/p>\n<p>Sald\u0131r\u0131n\u0131n Suriye Arap Cumhuriyeti ve ordusuna kar\u015f\u0131 a\u00e7\u0131k, \u00e7irkef ve tehlikeli bir sald\u0131r\u0131 niteli\u011fi ta\u015f\u0131d\u0131\u011f\u0131na dikkat \u00e7eken komutanl\u0131k; ABD ve m\u00fcttefiklerinin I\u015e\u0130D ve daha ba\u015fka ter\u00f6r \u00f6rg\u00fctleri destekledikleri y\u00f6n\u00fcnde ku\u015fkuya yer b\u0131rakmayan bir kan\u0131t te\u015fkil etti\u011finin de alt\u0131n\u0131 \u00e7izdi. Komutanl\u0131k bu sald\u0131r\u0131n\u0131n ayn\u0131 zamanda ABD ve m\u00fcttefiklerinin ter\u00f6rle m\u00fccadele ettikleri y\u00f6n\u00fcnde bulunduklar\u0131 iddialar\u0131n da do\u011fru olmad\u0131\u011f\u0131n\u0131 net bir \u015fekilde ortaya koydu\u011funu belirtti.<\/p>\n<p><span style=\"color: #0000ff\">\u0130srail Kunaytra K\u0131rsal\u0131nda Askeri Mevkii Bombalad\u0131<\/span><\/p>\n<p>Di\u011fer yandan SANA\u2019n\u0131n Kunaytra muhabiri d\u00fc\u015fman \u0130srail\u2019in, Kunaytra\u2019da sivil halka kar\u015f\u0131 en vah\u015fi katliamlar\u0131n\u0131 i\u015fleyen Nusra Cephesi ve m\u00fcttefikleri di\u011fer ter\u00f6r \u00f6rg\u00fctlere deste\u011fi kapsam\u0131nda Kunaytra k\u0131rsal\u0131n\u0131n Han Arneba B\u00f6lgesinde bir mevkii bombalad\u0131\u011f\u0131n\u0131 aktard\u0131.<\/p>\n<p>Kunaytra k\u0131rsal\u0131n\u0131n bir k\u0131sm\u0131nda Kaide \u00d6rg\u00fct\u00fcn\u00fcn Suriye kolu olan ve Birle\u015fmi\u015f Milletler G\u00fcvenlik Konseyinin uluslar aras\u0131 ter\u00f6r \u00f6rg\u00fctleri listesinde yer alan Nusra Cephesine tabi ter\u00f6r \u00f6rg\u00fctleri bulunuyor. \u0130\u015fgalci \u0130srail&#8217;den muhtelif t\u00fcr destek alan ve y\u00f6nlendirilen s\u00f6z konusu bu ter\u00f6ristler, sivil yerle\u015fim alanlar\u0131na bulunduklar\u0131 sald\u0131r\u0131larda \u00e7ocuk, kad\u0131n, ya\u015fl\u0131 demeden masum insanlar\u0131 katlediyor. Son zamanlarda ordu birliklerimiz taraf\u0131ndan say\u0131 ve ekipmanlar\u0131yla olduk\u00e7a b\u00fcy\u00fck kay\u0131plara u\u011frat\u0131lan s\u00f6z konusu ter\u00f6ristlere direk destek ba\u011flam\u0131nda i\u015fgalci \u0130srail Suriye ordusu ve Halk Savunma G\u00fc\u00e7lerinin mevkilerine bir dizi sald\u0131r\u0131da bulundu.<\/p>\n<p>13 Eyl\u00fcl tarihinde hava savunma g\u00fc\u00e7lerimiz Nusra Cephesi ve m\u00fcttefikleri ter\u00f6r \u00f6rg\u00fctlere destek amac\u0131yla Suriye hava sahas\u0131na giren ve askeri bir mevkie sald\u0131ran \u0130srail u\u00e7aklar\u0131na kar\u015f\u0131 koyarak Kunaytra k\u0131rsal\u0131n\u0131n g\u00fcneybat\u0131s\u0131nda \u0130srailli bir sava\u015f u\u00e7a\u011f\u0131n\u0131 d\u00fc\u015f\u00fcrd\u00fc. Hava savunma g\u00fc\u00e7lerimiz, \u015eam k\u0131rsal\u0131 Sasa Beldesinin bat\u0131s\u0131nda da insans\u0131z bir casusluk u\u00e7a\u011f\u0131n\u0131 d\u00fc\u015f\u00fcrd\u00fc.<\/p>\n","protected":false},"excerpt":{"rendered":"<p>\u0130LLER \u2013 ABD ve \u0130srail&#8217;in Suriye&#8217;de I\u015e\u0130D, Nusra Cephesi ve di\u011fer ter\u00f6r \u00f6rg\u00fctlere direk deste\u011fi kapsam\u0131nda bug\u00fcn ABD komutas\u0131ndaki uluslar aras\u0131 koalisyon u\u00e7aklar\u0131 Deyrezzor\u2019da I\u015e\u0130D\u2019e destek niteli\u011finde Suriye ordusunun bir mevkiini bombalarken, \u0130srail ise Kunaytra\u2019da Nusra Cephesine destek niteli\u011finde askeri bir mevkii bombalad\u0131. Ku\u015fkuya Yer Kalmad\u0131 Ordu ve Silahl\u0131 Kuvvetler Genel Komutanl\u0131\u011f\u0131 yay\u0131nlad\u0131\u011f\u0131 askeri beyanda; &hellip;<\/p>\n","protected":false},"author":1,"featured_media":88235,"comment_status":"closed","ping_status":"closed","sticky":false,"template":"","format":"standard","meta":{"footnotes":""},"categories":[479,575,17988,478],"tags":[3464,23984,18576,2318,21439,2770,11549,19043],"class_list":["post-88234","post","type-post","status-publish","format-standard","has-post-thumbnail","","category-haberler-yerel","category-olaylar-ve-gercekler","category-son-haberler","category-yerel","tag-nusra-cephesi","tag-abd-savas-ucaklarinin","tag-daes","tag-isid","tag-israil-teroristleri-destekliyor","tag-ordu-ve-silahli-kuvvetler-genel-komutanligi","tag-suriye-ordusu","tag-suriyede-son-durum"],"_links":{"self":[{"href":"https:\/\/archive.sana.sy\/tr\/index.php?rest_route=\/wp\/v2\/posts\/88234","targetHints":{"allow":["GET"]}}],"collection":[{"href":"https:\/\/archive.sana.sy\/tr\/index.php?rest_route=\/wp\/v2\/posts"}],"about":[{"href":"https:\/\/archive.sana.sy\/tr\/index.php?rest_route=\/wp\/v2\/types\/post"}],"author":[{"embeddable":true,"href":"https:\/\/archive.sana.sy\/tr\/index.php?rest_route=\/wp\/v2\/users\/1"}],"replies":[{"embeddable":true,"href":"https:\/\/archive.sana.sy\/tr\/index.php?rest_route=%2Fwp%2Fv2%2Fcomments&post=88234"}],"version-history":[{"count":0,"href":"https:\/\/archive.sana.sy\/tr\/index.php?rest_route=\/wp\/v2\/posts\/88234\/revisions"}],"wp:featuredmedia":[{"embeddable":true,"href":"https:\/\/archive.sana.sy\/tr\/index.php?rest_route=\/wp\/v2\/media\/88235"}],"wp:attachment":[{"href":"https:\/\/archive.sana.sy\/tr\/index.php?rest_route=%2Fwp%2Fv2%2Fmedia&parent=88234"}],"wp:term":[{"taxonomy":"category","embeddable":true,"href":"https:\/\/archive.sana.sy\/tr\/index.php?rest_route=%2Fwp%2Fv2%2Fcategories&post=88234"},{"taxonomy":"post_tag","embeddable":true,"href":"https:\/\/archive.sana.sy\/tr\/index.php?rest_route=%2Fwp%2Fv2%2Ftags&post=88234"}],"curies":[{"name":"wp","href":"https:\/\/api.w.org\/{rel}","templated":true}]}}