{"id":88272,"date":"2016-09-18T15:18:22","date_gmt":"2016-09-18T12:18:22","guid":{"rendered":"http:\/\/www.sana.sy\/tr\/?p=88272"},"modified":"2016-09-19T16:06:32","modified_gmt":"2016-09-19T13:06:32","slug":"teroristler-ihlallerini-surduruyor-2","status":"publish","type":"post","link":"https:\/\/archive.sana.sy\/tr\/?p=88272","title":{"rendered":"Ter\u00f6ristler \u0130hlallerini S\u00fcrd\u00fcr\u00fcyor"},"content":{"rendered":"<p>\u0130LLER \u2013 Muhtelif isimler alt\u0131nda faaliyet g\u00f6steren ter\u00f6r \u00f6rg\u00fctleri sivil yerle\u015fim alanlar\u0131 ve askeri mevkilere kar\u015f\u0131 sald\u0131r\u0131lar\u0131n\u0131 s\u00fcrd\u00fcrerek, \u00e7at\u0131\u015fmalar\u0131n durdurulmas\u0131 anla\u015fmas\u0131na yeni ihlaller kaydetti.<\/p>\n<p><span style=\"color: #0000ff\">HOMS:<\/span><\/p>\n<p>Homs Valili\u011finde bir kaynak SANA\u2019ya a\u00e7\u0131klamas\u0131nda il k\u0131rsal\u0131n\u0131n muhtelif b\u00f6lgelerinde bulunan ter\u00f6ristlerin bug\u00fcn Homs Kentinin Zehra Semtine ek olarak k\u0131rsal\u0131n kuzeyi M\u00fc\u015frife, E\u015frefiye ve Necme beldelerini sabah saatlerinde roketlerle hedef ald\u0131klar\u0131n\u0131 belirtti.<\/p>\n<p>Sald\u0131r\u0131larda \u00f6zel ve hizmet kamu hizmet mallar\u0131nda b\u00fcy\u00fck hasar\u0131n olu\u015ftu\u011funa dikkat \u00e7eken kaynak, be\u015feri isabetlerin kaydedilmedi\u011fini s\u00f6zlerine ekledi.<\/p>\n<p><span style=\"color: #0000ff\">DERA:<\/span><\/p>\n<p>Di\u011fer yandan \u0130srail&#8217;in destek ve talimatlar\u0131nda hareket eden ter\u00f6ristler bug\u00fcn \u00e7at\u0131\u015fmalar\u0131n durdurulmas\u0131n\u0131 yeniden ihlal ederek il k\u0131rsal\u0131n\u0131n kuzeyinde terk edilmi\u015f askeri bir mevkie havan ve tank toplar\u0131yla sald\u0131rd\u0131.<\/p>\n<p>SANA muhabiri Hrak ve Dael beldelerinde siperlenen ter\u00f6ristlerin terk edilmi\u015f mevkii 30 havan mermisi ve tank topu mermisiyle hedef ald\u0131klar\u0131n\u0131 aktar\u0131rken, sald\u0131r\u0131larda be\u015feri ya da maddi kayb\u0131n olmad\u0131\u011f\u0131n\u0131 belirtti.<\/p>\n<p>Bu arada ter\u00f6r \u00f6rg\u00fctleri d\u00fcn \u015eam ve k\u0131rsal\u0131na ek olarak Halep, Homs, Hama, Dera ve Kunaytra illerinde sivil yerle\u015fim alanlar\u0131 ve askeri mevkilere sald\u0131r\u0131lar\u0131yla Rusya ve ABD aras\u0131nda sa\u011flanan anla\u015fma \u00e7er\u00e7evesinde 12 Eyl\u00fcl Pazartesi g\u00fcn\u00fc ilan edilen \u00e7at\u0131\u015fmalar\u0131 durdurma anla\u015fmas\u0131na 21 kez ihlal kaydetmi\u015fti. Ter\u00f6ristlerin 12 Eyl\u00fclden d\u00fcne kadar toplam ihlal say\u0131s\u0131 ise 199 olarak kaydedildi.<\/p>\n<p><span style=\"color: #0000ff\">\u015eAM:<\/span><\/p>\n<p>\u015eam Emniyet M\u00fcd\u00fcrl\u00fc\u011f\u00fcnde yetkili bir kaynak ise silahl\u0131 gruplar\u0131n, ba\u015fkentin do\u011fusunda sivil yerle\u015fim alanlar\u0131ndan Abbasiler Semtini havan mermileriyle hedef alarak \u00e7at\u0131\u015fmalar\u0131n durdurulmas\u0131n\u0131 bir kez daha ihlal ettiklerini belirtti.<\/p>\n","protected":false},"excerpt":{"rendered":"<p>\u0130LLER \u2013 Muhtelif isimler alt\u0131nda faaliyet g\u00f6steren ter\u00f6r \u00f6rg\u00fctleri sivil yerle\u015fim alanlar\u0131 ve askeri mevkilere kar\u015f\u0131 sald\u0131r\u0131lar\u0131n\u0131 s\u00fcrd\u00fcrerek, \u00e7at\u0131\u015fmalar\u0131n durdurulmas\u0131 anla\u015fmas\u0131na yeni ihlaller kaydetti. HOMS: Homs Valili\u011finde bir kaynak SANA\u2019ya a\u00e7\u0131klamas\u0131nda il k\u0131rsal\u0131n\u0131n muhtelif b\u00f6lgelerinde bulunan ter\u00f6ristlerin bug\u00fcn Homs Kentinin Zehra Semtine ek olarak k\u0131rsal\u0131n kuzeyi M\u00fc\u015frife, E\u015frefiye ve Necme beldelerini sabah saatlerinde roketlerle hedef &hellip;<\/p>\n","protected":false},"author":1,"featured_media":88273,"comment_status":"closed","ping_status":"closed","sticky":false,"template":"","format":"standard","meta":{"footnotes":""},"categories":[479,575,17988,478],"tags":[23926],"class_list":["post-88272","post","type-post","status-publish","format-standard","has-post-thumbnail","","category-haberler-yerel","category-olaylar-ve-gercekler","category-son-haberler","category-yerel","tag-teroristler-ihlallerini-surduruyor"],"_links":{"self":[{"href":"https:\/\/archive.sana.sy\/tr\/index.php?rest_route=\/wp\/v2\/posts\/88272","targetHints":{"allow":["GET"]}}],"collection":[{"href":"https:\/\/archive.sana.sy\/tr\/index.php?rest_route=\/wp\/v2\/posts"}],"about":[{"href":"https:\/\/archive.sana.sy\/tr\/index.php?rest_route=\/wp\/v2\/types\/post"}],"author":[{"embeddable":true,"href":"https:\/\/archive.sana.sy\/tr\/index.php?rest_route=\/wp\/v2\/users\/1"}],"replies":[{"embeddable":true,"href":"https:\/\/archive.sana.sy\/tr\/index.php?rest_route=%2Fwp%2Fv2%2Fcomments&post=88272"}],"version-history":[{"count":0,"href":"https:\/\/archive.sana.sy\/tr\/index.php?rest_route=\/wp\/v2\/posts\/88272\/revisions"}],"wp:featuredmedia":[{"embeddable":true,"href":"https:\/\/archive.sana.sy\/tr\/index.php?rest_route=\/wp\/v2\/media\/88273"}],"wp:attachment":[{"href":"https:\/\/archive.sana.sy\/tr\/index.php?rest_route=%2Fwp%2Fv2%2Fmedia&parent=88272"}],"wp:term":[{"taxonomy":"category","embeddable":true,"href":"https:\/\/archive.sana.sy\/tr\/index.php?rest_route=%2Fwp%2Fv2%2Fcategories&post=88272"},{"taxonomy":"post_tag","embeddable":true,"href":"https:\/\/archive.sana.sy\/tr\/index.php?rest_route=%2Fwp%2Fv2%2Ftags&post=88272"}],"curies":[{"name":"wp","href":"https:\/\/api.w.org\/{rel}","templated":true}]}}