{"id":88333,"date":"2016-09-18T16:48:16","date_gmt":"2016-09-18T13:48:16","guid":{"rendered":"http:\/\/www.sana.sy\/tr\/?p=88333"},"modified":"2016-09-19T16:10:36","modified_gmt":"2016-09-19T13:10:36","slug":"isid-ve-nusra-cephesine-yinelik-operasyonlar-suruyor","status":"publish","type":"post","link":"https:\/\/archive.sana.sy\/tr\/?p=88333","title":{"rendered":"I\u015e\u0130D ve Nusra Cephesine Yinelik Operasyonlar S\u00fcr\u00fcyor"},"content":{"rendered":"<p>DEYREZZOR \u2013 I\u015e\u0130D ve Nusra Cephesine kar\u015f\u0131 operasyonlar\u0131n\u0131 yo\u011fun bir \u015fekilde s\u00fcrd\u00fcren ordu birliklerimiz bug\u00fcn, kimi devletlerin aleni bir \u015fekilde destekledikleri bu radikal \u00e7eteleri say\u0131 ve ekipmanlar\u0131yla a\u011f\u0131r kay\u0131plara u\u011fratmaya devam etti.<\/p>\n<p>SANA muhabiri; ordu birliklerimizin Deyrezzor\u2019un Kenmat ve Urfi semtlerinin yan\u0131 s\u0131ra Cafra K\u00f6y\u00fc, Panorama ve Deyrezzor Askeri Havaalan\u0131 civarlar\u0131nda I\u015e\u0130D\u2019in mevkileri ve hareket eksenlerini yo\u011fun ate\u015fe tutuklar\u0131n\u0131 ifade etti.<\/p>\n<p>Muhabir; askeri operasyonlarda \u00e7ok say\u0131da ter\u00f6ristin \u00f6l\u00fc ve yaral\u0131 d\u00fc\u015f\u00fcr\u00fcl\u00fcp tekfircilerin cephane depolar\u0131 ve bir k\u0131sm\u0131 a\u011f\u0131r makineli silahlarla donat\u0131lm\u0131\u015f ara\u00e7lar\u0131n\u0131n y\u00fckleriyle birlikte tamamen yok edildi\u011fine dikkat \u00e7ekti.<\/p>\n<p>Bu arada askeri kaynak; hava g\u00fc\u00e7lerimizin Deyrezzor k\u0131rsal\u0131n\u0131n Serda Da\u011f\u0131 civar\u0131nda I\u015e\u0130D\u2019e ait \u00e7ok say\u0131da ara\u00e7 ve siperi muhtevalar\u0131yla imha ederek onlarca radikal ter\u00f6risti ekipmanlar\u0131yla birlikte etkisiz hale getirdiklerini belirtti\u200f.<\/p>\n<p>\u00d6te yandan askeri kaynak SANA\u2019ya yapt\u0131\u011f\u0131 a\u00e7\u0131klamada bug\u00fcn Deyrezzor\u2019da I\u015e\u0130D\u2019e kar\u015f\u0131 hava operasyonlar\u0131 s\u0131ras\u0131nda bir sava\u015f u\u00e7a\u011f\u0131n\u0131n d\u00fc\u015ft\u00fc\u011f\u00fcn\u00fc ve pilotunun \u015fehit oldu\u011funu belirtti.<\/p>\n","protected":false},"excerpt":{"rendered":"<p>DEYREZZOR \u2013 I\u015e\u0130D ve Nusra Cephesine kar\u015f\u0131 operasyonlar\u0131n\u0131 yo\u011fun bir \u015fekilde s\u00fcrd\u00fcren ordu birliklerimiz bug\u00fcn, kimi devletlerin aleni bir \u015fekilde destekledikleri bu radikal \u00e7eteleri say\u0131 ve ekipmanlar\u0131yla a\u011f\u0131r kay\u0131plara u\u011fratmaya devam etti. SANA muhabiri; ordu birliklerimizin Deyrezzor\u2019un Kenmat ve Urfi semtlerinin yan\u0131 s\u0131ra Cafra K\u00f6y\u00fc, Panorama ve Deyrezzor Askeri Havaalan\u0131 civarlar\u0131nda I\u015e\u0130D\u2019in mevkileri ve hareket &hellip;<\/p>\n","protected":false},"author":1,"featured_media":88336,"comment_status":"closed","ping_status":"closed","sticky":false,"template":"","format":"standard","meta":{"footnotes":""},"categories":[575,17988],"tags":[3464,18365,18237,18576,24003,15787,2318,23433,18347,18674,11549,19043,22182,19034,18604],"class_list":["post-88333","post","type-post","status-publish","format-standard","has-post-thumbnail","","category-olaylar-ve-gercekler","category-son-haberler","tag-nusra-cephesi","tag-ahrar-el-sam","tag-cihatcilar","tag-daes","tag-fetih-el-sam","tag-fetih-ordusu","tag-isid","tag-mutedil-muhalifler","tag-oso","tag-silahli-muhalifler","tag-suriye-ordusu","tag-suriyede-son-durum","tag-suriyede-savas","tag-suriyeli-muhalifler","tag-terore-karsi-savas"],"_links":{"self":[{"href":"https:\/\/archive.sana.sy\/tr\/index.php?rest_route=\/wp\/v2\/posts\/88333","targetHints":{"allow":["GET"]}}],"collection":[{"href":"https:\/\/archive.sana.sy\/tr\/index.php?rest_route=\/wp\/v2\/posts"}],"about":[{"href":"https:\/\/archive.sana.sy\/tr\/index.php?rest_route=\/wp\/v2\/types\/post"}],"author":[{"embeddable":true,"href":"https:\/\/archive.sana.sy\/tr\/index.php?rest_route=\/wp\/v2\/users\/1"}],"replies":[{"embeddable":true,"href":"https:\/\/archive.sana.sy\/tr\/index.php?rest_route=%2Fwp%2Fv2%2Fcomments&post=88333"}],"version-history":[{"count":0,"href":"https:\/\/archive.sana.sy\/tr\/index.php?rest_route=\/wp\/v2\/posts\/88333\/revisions"}],"wp:featuredmedia":[{"embeddable":true,"href":"https:\/\/archive.sana.sy\/tr\/index.php?rest_route=\/wp\/v2\/media\/88336"}],"wp:attachment":[{"href":"https:\/\/archive.sana.sy\/tr\/index.php?rest_route=%2Fwp%2Fv2%2Fmedia&parent=88333"}],"wp:term":[{"taxonomy":"category","embeddable":true,"href":"https:\/\/archive.sana.sy\/tr\/index.php?rest_route=%2Fwp%2Fv2%2Fcategories&post=88333"},{"taxonomy":"post_tag","embeddable":true,"href":"https:\/\/archive.sana.sy\/tr\/index.php?rest_route=%2Fwp%2Fv2%2Ftags&post=88333"}],"curies":[{"name":"wp","href":"https:\/\/api.w.org\/{rel}","templated":true}]}}