{"id":88335,"date":"2016-09-18T15:59:41","date_gmt":"2016-09-18T12:59:41","guid":{"rendered":"http:\/\/www.sana.sy\/tr\/?p=88335"},"modified":"2016-09-19T11:55:16","modified_gmt":"2016-09-19T08:55:16","slug":"hasekede-maas-dagitimi-yeniden-basladi","status":"publish","type":"post","link":"https:\/\/archive.sana.sy\/tr\/?p=88335","title":{"rendered":"Haseke\u2019de Maa\u015f Da\u011f\u0131t\u0131m\u0131 Yeniden Ba\u015flad\u0131"},"content":{"rendered":"<p>HASEKE \u2013 Haseke Valisi Muhammed Zeal el Ali; Haseke&#8217;de ya\u015fanan durumlar ve gasp eylemleri nedeniyle bu ay\u0131n ba\u015flar\u0131nda ask\u0131ya al\u0131nan maa\u015f \u00f6demelerinin Maliye Bakanl\u0131\u011f\u0131ndan onay\u0131 al\u0131nmas\u0131 ard\u0131ndan bug\u00fcn yeniden ba\u015flad\u0131\u011f\u0131n\u0131 belirtti.<\/p>\n<p>Haseke \u0130linde hizmet daireleri m\u00fcd\u00fcrleriyle bug\u00fcn yapt\u0131\u011f\u0131 toplant\u0131 s\u0131ras\u0131nda Vali Ali; il genelinde hizmet dairelerinin personellerine 1,5 milyar liray\u0131 bulan maa\u015f \u00f6demelerine ba\u015flad\u0131\u011f\u0131na dikkat \u00e7ekti.<\/p>\n<p>E\u011fitim sekt\u00f6r\u00fcnde \u00e7al\u0131\u015fan yetkilileri kent ve k\u0131rsallarda okullara saha gezilerinde bulunup e\u011fitim s\u00fcrecinin seyrini yak\u0131ndan denetlemeye \u00e7a\u011f\u0131ran Vali Ali; vatanda\u015flar\u0131n g\u0131da ve daha ba\u015fka muhtelif t\u00fcr ihtiya\u00e7lar\u0131n\u0131n uygun fiyat ve kalitede temin edilmesi amac\u0131yla destek sat\u0131\u015f kurumlar\u0131n\u0131 etkin icraatlarda bulunmaya davet etti.<\/p>\n<p>Vali Ali bir k\u0131s\u0131m ila\u00e7larda meydana gelen eksikli\u011fin giderilmesi i\u00e7in de \u00d6\u011fretmenler Sendikas\u0131na tabi eczanelere muhtelif t\u00fcr ila\u00e7 temini \u00e7abalar\u0131n\u0131n oldu\u011funu s\u00f6yledi.<\/p>\n<p>Toplant\u0131da hizmet daireleri m\u00fcd\u00fcrleri m\u00fcd\u00fcrl\u00fcklerin \u00e7abalar\u0131 ve hizmetleri hakk\u0131nda sunumlarda bulunurlarken, kar\u015f\u0131la\u015f\u0131lan sorunlar ve kaydedilen ba\u015far\u0131lara \u0131\u015f\u0131k tuttular.<\/p>\n","protected":false},"excerpt":{"rendered":"<p>HASEKE \u2013 Haseke Valisi Muhammed Zeal el Ali; Haseke&#8217;de ya\u015fanan durumlar ve gasp eylemleri nedeniyle bu ay\u0131n ba\u015flar\u0131nda ask\u0131ya al\u0131nan maa\u015f \u00f6demelerinin Maliye Bakanl\u0131\u011f\u0131ndan onay\u0131 al\u0131nmas\u0131 ard\u0131ndan bug\u00fcn yeniden ba\u015flad\u0131\u011f\u0131n\u0131 belirtti. Haseke \u0130linde hizmet daireleri m\u00fcd\u00fcrleriyle bug\u00fcn yapt\u0131\u011f\u0131 toplant\u0131 s\u0131ras\u0131nda Vali Ali; il genelinde hizmet dairelerinin personellerine 1,5 milyar liray\u0131 bulan maa\u015f \u00f6demelerine ba\u015flad\u0131\u011f\u0131na dikkat &hellip;<\/p>\n","protected":false},"author":1,"featured_media":88338,"comment_status":"closed","ping_status":"closed","sticky":false,"template":"","format":"standard","meta":{"footnotes":""},"categories":[479,17988,478],"tags":[18006,20161,23420,24004,20162,19897],"class_list":["post-88335","post","type-post","status-publish","format-standard","has-post-thumbnail","","category-haberler-yerel","category-son-haberler","category-yerel","tag-haseke-kenti","tag-haseke-valisi","tag-hasekede-son-durum","tag-hasekede-maas-dagitimi-yeniden-basladi","tag-muhammed-zeal-el-ali","tag-suriyeli-kurtler"],"_links":{"self":[{"href":"https:\/\/archive.sana.sy\/tr\/index.php?rest_route=\/wp\/v2\/posts\/88335","targetHints":{"allow":["GET"]}}],"collection":[{"href":"https:\/\/archive.sana.sy\/tr\/index.php?rest_route=\/wp\/v2\/posts"}],"about":[{"href":"https:\/\/archive.sana.sy\/tr\/index.php?rest_route=\/wp\/v2\/types\/post"}],"author":[{"embeddable":true,"href":"https:\/\/archive.sana.sy\/tr\/index.php?rest_route=\/wp\/v2\/users\/1"}],"replies":[{"embeddable":true,"href":"https:\/\/archive.sana.sy\/tr\/index.php?rest_route=%2Fwp%2Fv2%2Fcomments&post=88335"}],"version-history":[{"count":0,"href":"https:\/\/archive.sana.sy\/tr\/index.php?rest_route=\/wp\/v2\/posts\/88335\/revisions"}],"wp:featuredmedia":[{"embeddable":true,"href":"https:\/\/archive.sana.sy\/tr\/index.php?rest_route=\/wp\/v2\/media\/88338"}],"wp:attachment":[{"href":"https:\/\/archive.sana.sy\/tr\/index.php?rest_route=%2Fwp%2Fv2%2Fmedia&parent=88335"}],"wp:term":[{"taxonomy":"category","embeddable":true,"href":"https:\/\/archive.sana.sy\/tr\/index.php?rest_route=%2Fwp%2Fv2%2Fcategories&post=88335"},{"taxonomy":"post_tag","embeddable":true,"href":"https:\/\/archive.sana.sy\/tr\/index.php?rest_route=%2Fwp%2Fv2%2Ftags&post=88335"}],"curies":[{"name":"wp","href":"https:\/\/api.w.org\/{rel}","templated":true}]}}