{"id":88340,"date":"2016-09-18T15:00:05","date_gmt":"2016-09-18T12:00:05","guid":{"rendered":"http:\/\/www.sana.sy\/tr\/?p=88340"},"modified":"2016-09-18T16:05:40","modified_gmt":"2016-09-18T13:05:40","slug":"halepin-dogu-semtlerinde-dis-guclere-tabi-teroristlerden-kacmak-isteyen-onlarca-aile-bugun-selahattin-semti-yonunden-tahliye-edildiler","status":"publish","type":"post","link":"https:\/\/archive.sana.sy\/tr\/?p=88340","title":{"rendered":"Halep\u2019in do\u011fu semtlerinde d\u0131\u015f g\u00fc\u00e7lere tabi ter\u00f6ristlerden ka\u00e7mak isteyen onlarca aile bug\u00fcn Selahattin Semti y\u00f6n\u00fcnden tahliye edildiler."},"content":{"rendered":"<p>Halep\u2019in do\u011fu semtlerinde d\u0131\u015f g\u00fc\u00e7lere tabi ter\u00f6ristlerden ka\u00e7mak isteyen onlarca aile bug\u00fcn Selahattin Semti y\u00f6n\u00fcnden tahliye edildiler.<\/p>\n","protected":false},"excerpt":{"rendered":"<p>Halep\u2019in do\u011fu semtlerinde d\u0131\u015f g\u00fc\u00e7lere tabi ter\u00f6ristlerden ka\u00e7mak isteyen onlarca aile bug\u00fcn Selahattin Semti y\u00f6n\u00fcnden tahliye edildiler.<\/p>\n","protected":false},"author":1,"featured_media":0,"comment_status":"closed","ping_status":"closed","sticky":false,"template":"","format":"standard","meta":{"footnotes":""},"categories":[17991],"tags":[],"class_list":["post-88340","post","type-post","status-publish","format-standard","","category-son-dakika"],"_links":{"self":[{"href":"https:\/\/archive.sana.sy\/tr\/index.php?rest_route=\/wp\/v2\/posts\/88340","targetHints":{"allow":["GET"]}}],"collection":[{"href":"https:\/\/archive.sana.sy\/tr\/index.php?rest_route=\/wp\/v2\/posts"}],"about":[{"href":"https:\/\/archive.sana.sy\/tr\/index.php?rest_route=\/wp\/v2\/types\/post"}],"author":[{"embeddable":true,"href":"https:\/\/archive.sana.sy\/tr\/index.php?rest_route=\/wp\/v2\/users\/1"}],"replies":[{"embeddable":true,"href":"https:\/\/archive.sana.sy\/tr\/index.php?rest_route=%2Fwp%2Fv2%2Fcomments&post=88340"}],"version-history":[{"count":0,"href":"https:\/\/archive.sana.sy\/tr\/index.php?rest_route=\/wp\/v2\/posts\/88340\/revisions"}],"wp:attachment":[{"href":"https:\/\/archive.sana.sy\/tr\/index.php?rest_route=%2Fwp%2Fv2%2Fmedia&parent=88340"}],"wp:term":[{"taxonomy":"category","embeddable":true,"href":"https:\/\/archive.sana.sy\/tr\/index.php?rest_route=%2Fwp%2Fv2%2Fcategories&post=88340"},{"taxonomy":"post_tag","embeddable":true,"href":"https:\/\/archive.sana.sy\/tr\/index.php?rest_route=%2Fwp%2Fv2%2Ftags&post=88340"}],"curies":[{"name":"wp","href":"https:\/\/api.w.org\/{rel}","templated":true}]}}