{"id":88342,"date":"2016-09-18T16:22:25","date_gmt":"2016-09-18T13:22:25","guid":{"rendered":"http:\/\/www.sana.sy\/tr\/?p=88342"},"modified":"2016-09-19T16:06:44","modified_gmt":"2016-09-19T13:06:44","slug":"halk-meclisinden-dunya-parlamentolarina-cagri","status":"publish","type":"post","link":"https:\/\/archive.sana.sy\/tr\/?p=88342","title":{"rendered":"Halk Meclisinden D\u00fcnya Parlamentolar\u0131na \u00c7a\u011fr\u0131"},"content":{"rendered":"<p>\u015eAM \u2013 Halk Meclisi t\u00fcm d\u00fcnya parlamentolar\u0131na g\u00f6nderdi\u011fi \u00e7a\u011fr\u0131da; ABD\u2019nin d\u00fcn Deyrezzor k\u0131rsal\u0131nda I\u015e\u0130D\u2019e destek niteli\u011finde Suriye ordusunun mevkiini bombalamas\u0131n\u0131n yan\u0131 s\u0131ra ter\u00f6r \u00f6rg\u00fctlerin i\u015fledikleri vah\u015fetleri k\u0131namalar\u0131na davet etti.<\/p>\n<p>Meclis SANA\u2019n\u0131n bir n\u00fcshas\u0131n\u0131 ald\u0131\u011f\u0131 beyan\u0131nda ABD\u2019nin s\u00f6z konusu sald\u0131r\u0131s\u0131n\u0131 en keskin ifadelerle k\u0131narken, bu sald\u0131r\u0131n\u0131n Washington taraf\u0131ndan I\u015e\u0130D ter\u00f6r \u00f6rg\u00fct\u00fcne direk destek niteli\u011finde oldu\u011funu vurgulad\u0131. Bu sald\u0131r\u0131n\u0131n I\u015e\u0130D\u2019in Deyrezzor Kentini ele ge\u00e7irmesini sa\u011flama y\u00f6n\u00fcnde bir \u00e7aba oldu\u011funu ifade eden Meclis; Deyrezzor ahalisinin y\u0131llard\u0131r I\u015e\u0130D\u2019in ablukas\u0131 alt\u0131nda ya\u015fad\u0131\u011f\u0131 zor ko\u015fullara dikkat \u00e7ekti. Meclis ABD\u2019nin planlad\u0131\u011f\u0131 gibi I\u015e\u0130D\u2019in Deyrezzor Kentini ele ge\u00e7irmeleri halinde meydana gelebilecek katliamlara i\u015faret etti.<\/p>\n<p>Halk Meclisi beyan\u0131nda ABD\u2019nin bulundu\u011fu bu sald\u0131r\u0131n\u0131n, I\u015e\u0130D\u2019in Deyrezzor ahalisi ba\u015fta olmak \u00fczere t\u00fcm Suriye halk\u0131na kar\u015f\u0131 i\u015fledi\u011fi vah\u015fetlerden ayr\u0131 olmad\u0131\u011f\u0131n\u0131n alt\u0131n\u0131 \u00e7izdi.<\/p>\n<p>Bu sald\u0131r\u0131lar\u0131n ABD\u2019nin ter\u00f6re kar\u015f\u0131 m\u00fccadele ve insani durumlara b\u00fcy\u00fck \u00f6zen g\u00f6sterdi\u011fi yalanlar\u0131n\u0131 net bir \u015fekilde de\u015fifre etti\u011fine vurgu yapan Meclis; Suriye halk\u0131n\u0131 ekonomisi, hizmet kurumlar\u0131, altyap\u0131s\u0131 ve her \u015feyi ile hedef almada ger\u00e7ek y\u00fcz\u00fcn\u00fc ortaya koydu\u011funu ifade etti.<\/p>\n","protected":false},"excerpt":{"rendered":"<p>\u015eAM \u2013 Halk Meclisi t\u00fcm d\u00fcnya parlamentolar\u0131na g\u00f6nderdi\u011fi \u00e7a\u011fr\u0131da; ABD\u2019nin d\u00fcn Deyrezzor k\u0131rsal\u0131nda I\u015e\u0130D\u2019e destek niteli\u011finde Suriye ordusunun mevkiini bombalamas\u0131n\u0131n yan\u0131 s\u0131ra ter\u00f6r \u00f6rg\u00fctlerin i\u015fledikleri vah\u015fetleri k\u0131namalar\u0131na davet etti. Meclis SANA\u2019n\u0131n bir n\u00fcshas\u0131n\u0131 ald\u0131\u011f\u0131 beyan\u0131nda ABD\u2019nin s\u00f6z konusu sald\u0131r\u0131s\u0131n\u0131 en keskin ifadelerle k\u0131narken, bu sald\u0131r\u0131n\u0131n Washington taraf\u0131ndan I\u015e\u0130D ter\u00f6r \u00f6rg\u00fct\u00fcne direk destek niteli\u011finde oldu\u011funu vurgulad\u0131. &hellip;<\/p>\n","protected":false},"author":1,"featured_media":88350,"comment_status":"closed","ping_status":"closed","sticky":false,"template":"","format":"standard","meta":{"footnotes":""},"categories":[479,17988,478],"tags":[24010,23999,24012,16838,24011,24009,24013,2517],"class_list":["post-88342","post","type-post","status-publish","format-standard","has-post-thumbnail","","category-haberler-yerel","category-son-haberler","category-yerel","tag-abd-suriye-ordusunu-vurdu","tag-abdnin-suriyeye-saldirisi","tag-dunya-parlamentolari","tag-halk-meclisi","tag-iside-karsi-savas","tag-kinama-beyani","tag-suriye-parlamentosu","tag-uluslararasi-koalisyon"],"_links":{"self":[{"href":"https:\/\/archive.sana.sy\/tr\/index.php?rest_route=\/wp\/v2\/posts\/88342","targetHints":{"allow":["GET"]}}],"collection":[{"href":"https:\/\/archive.sana.sy\/tr\/index.php?rest_route=\/wp\/v2\/posts"}],"about":[{"href":"https:\/\/archive.sana.sy\/tr\/index.php?rest_route=\/wp\/v2\/types\/post"}],"author":[{"embeddable":true,"href":"https:\/\/archive.sana.sy\/tr\/index.php?rest_route=\/wp\/v2\/users\/1"}],"replies":[{"embeddable":true,"href":"https:\/\/archive.sana.sy\/tr\/index.php?rest_route=%2Fwp%2Fv2%2Fcomments&post=88342"}],"version-history":[{"count":0,"href":"https:\/\/archive.sana.sy\/tr\/index.php?rest_route=\/wp\/v2\/posts\/88342\/revisions"}],"wp:featuredmedia":[{"embeddable":true,"href":"https:\/\/archive.sana.sy\/tr\/index.php?rest_route=\/wp\/v2\/media\/88350"}],"wp:attachment":[{"href":"https:\/\/archive.sana.sy\/tr\/index.php?rest_route=%2Fwp%2Fv2%2Fmedia&parent=88342"}],"wp:term":[{"taxonomy":"category","embeddable":true,"href":"https:\/\/archive.sana.sy\/tr\/index.php?rest_route=%2Fwp%2Fv2%2Fcategories&post=88342"},{"taxonomy":"post_tag","embeddable":true,"href":"https:\/\/archive.sana.sy\/tr\/index.php?rest_route=%2Fwp%2Fv2%2Ftags&post=88342"}],"curies":[{"name":"wp","href":"https:\/\/api.w.org\/{rel}","templated":true}]}}