{"id":88345,"date":"2016-09-18T16:09:28","date_gmt":"2016-09-18T13:09:28","guid":{"rendered":"http:\/\/www.sana.sy\/tr\/?p=88345"},"modified":"2016-09-19T11:55:11","modified_gmt":"2016-09-19T08:55:11","slug":"halepte-onlarca-aile-tahliye-edildi","status":"publish","type":"post","link":"https:\/\/archive.sana.sy\/tr\/?p=88345","title":{"rendered":"Halep\u2019te Onlarca Aile Tahliye Edildi (video)"},"content":{"rendered":"<p>HALEP \u2013 Halep\u2019in do\u011fu semtlerinde d\u0131\u015f g\u00fc\u00e7lere tabi ter\u00f6ristlerden ka\u00e7mak isteyen onlarca aile bug\u00fcn Selahattin Semti y\u00f6n\u00fcnden tahliye edildiler.<\/p>\n<p>SANA muhabiri tahliye edilen ailelerin t\u00fcm ihtiya\u00e7lar ve hizmetlerle donat\u0131lan ge\u00e7ici ikamet merkezlerine al\u0131narak ihtiya\u00e7lar\u0131n\u0131n kar\u015f\u0131land\u0131\u011f\u0131n\u0131 aktard\u0131.<\/p>\n<p>https:\/\/www.youtube.com\/watch?v=bY6ne_OJSy0<\/p>\n","protected":false},"excerpt":{"rendered":"<p>HALEP \u2013 Halep\u2019in do\u011fu semtlerinde d\u0131\u015f g\u00fc\u00e7lere tabi ter\u00f6ristlerden ka\u00e7mak isteyen onlarca aile bug\u00fcn Selahattin Semti y\u00f6n\u00fcnden tahliye edildiler. SANA muhabiri tahliye edilen ailelerin t\u00fcm ihtiya\u00e7lar ve hizmetlerle donat\u0131lan ge\u00e7ici ikamet merkezlerine al\u0131narak ihtiya\u00e7lar\u0131n\u0131n kar\u015f\u0131land\u0131\u011f\u0131n\u0131 aktard\u0131. https:\/\/www.youtube.com\/watch?v=bY6ne_OJSy0<\/p>\n","protected":false},"author":1,"featured_media":88368,"comment_status":"closed","ping_status":"closed","sticky":false,"template":"","format":"standard","meta":{"footnotes":""},"categories":[479,575,17988,478],"tags":[24007,24008,21585,24005,18519,19285,24006],"class_list":["post-88345","post","type-post","status-publish","format-standard","has-post-thumbnail","","category-haberler-yerel","category-olaylar-ve-gercekler","category-son-haberler","category-yerel","tag-halepin-dogu-semtleri","tag-halepte-cihatcilar","tag-halepte-son-durum","tag-halepte-onlarca-aile-tahliye-edildi","tag-insani-durumlar","tag-teror-magdurlari","tag-terorden-kacan-aileler"],"_links":{"self":[{"href":"https:\/\/archive.sana.sy\/tr\/index.php?rest_route=\/wp\/v2\/posts\/88345","targetHints":{"allow":["GET"]}}],"collection":[{"href":"https:\/\/archive.sana.sy\/tr\/index.php?rest_route=\/wp\/v2\/posts"}],"about":[{"href":"https:\/\/archive.sana.sy\/tr\/index.php?rest_route=\/wp\/v2\/types\/post"}],"author":[{"embeddable":true,"href":"https:\/\/archive.sana.sy\/tr\/index.php?rest_route=\/wp\/v2\/users\/1"}],"replies":[{"embeddable":true,"href":"https:\/\/archive.sana.sy\/tr\/index.php?rest_route=%2Fwp%2Fv2%2Fcomments&post=88345"}],"version-history":[{"count":0,"href":"https:\/\/archive.sana.sy\/tr\/index.php?rest_route=\/wp\/v2\/posts\/88345\/revisions"}],"wp:featuredmedia":[{"embeddable":true,"href":"https:\/\/archive.sana.sy\/tr\/index.php?rest_route=\/wp\/v2\/media\/88368"}],"wp:attachment":[{"href":"https:\/\/archive.sana.sy\/tr\/index.php?rest_route=%2Fwp%2Fv2%2Fmedia&parent=88345"}],"wp:term":[{"taxonomy":"category","embeddable":true,"href":"https:\/\/archive.sana.sy\/tr\/index.php?rest_route=%2Fwp%2Fv2%2Fcategories&post=88345"},{"taxonomy":"post_tag","embeddable":true,"href":"https:\/\/archive.sana.sy\/tr\/index.php?rest_route=%2Fwp%2Fv2%2Ftags&post=88345"}],"curies":[{"name":"wp","href":"https:\/\/api.w.org\/{rel}","templated":true}]}}