{"id":88354,"date":"2016-09-18T13:31:49","date_gmt":"2016-09-18T10:31:49","guid":{"rendered":"http:\/\/www.sana.sy\/tr\/?p=88354"},"modified":"2016-09-19T16:05:40","modified_gmt":"2016-09-19T13:05:40","slug":"16-saatte-16-ihlal-kaydedildi","status":"publish","type":"post","link":"https:\/\/archive.sana.sy\/tr\/?p=88354","title":{"rendered":"32 \u0130hllal Kaydedildi"},"content":{"rendered":"<p>\u015eAM \u2013 Askeri bir kaynak; silahl\u0131 gruplar\u0131n \u015eam ve k\u0131rsal\u0131na ilaveten Halep, Hama, Homs, Lazkiye ve Dera illerinde askeri mevkiler ve sivil yerle\u015fim alanlar\u0131na sald\u0131r\u0131lar\u0131 ile Rusya ve ABD aras\u0131nda sa\u011flanan anla\u015fma kapsam\u0131nda 12 Eyl\u00fcl tarihinde ilan edilen \u00e7at\u0131\u015fmalar\u0131n durdurulmas\u0131 anla\u015fmas\u0131na ihlallerini s\u00fcrd\u00fcrd\u00fcklerini belirtti.<\/p>\n<p>Kaynak bug\u00fcn SANA\u2019ya yapt\u0131\u011f\u0131 a\u00e7\u0131klamada; silahl\u0131 gruplar\u0131n son 24 saat i\u00e7inde s\u00f6z konusu illerde askeri mevkiler ve sivil yerle\u015fim alanlar\u0131na sald\u0131r\u0131lar\u0131yla anla\u015fmay\u0131 32 kez ihlal ettiklerini kaydetti.<\/p>\n","protected":false},"excerpt":{"rendered":"<p>\u015eAM \u2013 Askeri bir kaynak; silahl\u0131 gruplar\u0131n \u015eam ve k\u0131rsal\u0131na ilaveten Halep, Hama, Homs, Lazkiye ve Dera illerinde askeri mevkiler ve sivil yerle\u015fim alanlar\u0131na sald\u0131r\u0131lar\u0131 ile Rusya ve ABD aras\u0131nda sa\u011flanan anla\u015fma kapsam\u0131nda 12 Eyl\u00fcl tarihinde ilan edilen \u00e7at\u0131\u015fmalar\u0131n durdurulmas\u0131 anla\u015fmas\u0131na ihlallerini s\u00fcrd\u00fcrd\u00fcklerini belirtti. Kaynak bug\u00fcn SANA\u2019ya yapt\u0131\u011f\u0131 a\u00e7\u0131klamada; silahl\u0131 gruplar\u0131n son 24 saat i\u00e7inde &hellip;<\/p>\n","protected":false},"author":1,"featured_media":88361,"comment_status":"closed","ping_status":"closed","sticky":false,"template":"","format":"standard","meta":{"footnotes":""},"categories":[479,575,17988,478],"tags":[1031,19491,18237,18674,11549,19446,19043],"class_list":["post-88354","post","type-post","status-publish","format-standard","has-post-thumbnail","","category-haberler-yerel","category-olaylar-ve-gercekler","category-son-haberler","category-yerel","tag-askeri-kaynak","tag-catismalari-durdurma-anlasmasi","tag-cihatcilar","tag-silahli-muhalifler","tag-suriye-ordusu","tag-suriyede-ateskes","tag-suriyede-son-durum"],"_links":{"self":[{"href":"https:\/\/archive.sana.sy\/tr\/index.php?rest_route=\/wp\/v2\/posts\/88354","targetHints":{"allow":["GET"]}}],"collection":[{"href":"https:\/\/archive.sana.sy\/tr\/index.php?rest_route=\/wp\/v2\/posts"}],"about":[{"href":"https:\/\/archive.sana.sy\/tr\/index.php?rest_route=\/wp\/v2\/types\/post"}],"author":[{"embeddable":true,"href":"https:\/\/archive.sana.sy\/tr\/index.php?rest_route=\/wp\/v2\/users\/1"}],"replies":[{"embeddable":true,"href":"https:\/\/archive.sana.sy\/tr\/index.php?rest_route=%2Fwp%2Fv2%2Fcomments&post=88354"}],"version-history":[{"count":0,"href":"https:\/\/archive.sana.sy\/tr\/index.php?rest_route=\/wp\/v2\/posts\/88354\/revisions"}],"wp:featuredmedia":[{"embeddable":true,"href":"https:\/\/archive.sana.sy\/tr\/index.php?rest_route=\/wp\/v2\/media\/88361"}],"wp:attachment":[{"href":"https:\/\/archive.sana.sy\/tr\/index.php?rest_route=%2Fwp%2Fv2%2Fmedia&parent=88354"}],"wp:term":[{"taxonomy":"category","embeddable":true,"href":"https:\/\/archive.sana.sy\/tr\/index.php?rest_route=%2Fwp%2Fv2%2Fcategories&post=88354"},{"taxonomy":"post_tag","embeddable":true,"href":"https:\/\/archive.sana.sy\/tr\/index.php?rest_route=%2Fwp%2Fv2%2Ftags&post=88354"}],"curies":[{"name":"wp","href":"https:\/\/api.w.org\/{rel}","templated":true}]}}