{"id":88374,"date":"2016-09-19T11:50:56","date_gmt":"2016-09-19T08:50:56","guid":{"rendered":"http:\/\/www.sana.sy\/tr\/?p=88374"},"modified":"2016-09-19T11:50:56","modified_gmt":"2016-09-19T08:50:56","slug":"askeri-kaynak-sanaya-aciklamasinda-ordu-birliklerimizin-hama-kirsalinin-kuzeyi-mean-beldesinin-de-kuzeyine-dusen-kebbariye-bolgesinde-teroristlerin-hircin-bir-saldirisina-karsi-koyarken-25-te","status":"publish","type":"post","link":"https:\/\/archive.sana.sy\/tr\/?p=88374","title":{"rendered":"Askeri kaynak SANA\u2019ya a\u00e7\u0131klamas\u0131nda ordu birliklerimizin Hama k\u0131rsal\u0131n\u0131n kuzeyi Mean Beldesinin de kuzeyine d\u00fc\u015fen Kebbariye B\u00f6lgesinde ter\u00f6ristlerin h\u0131r\u00e7\u0131n bir sald\u0131r\u0131s\u0131na kar\u015f\u0131 koyarken 25 ter\u00f6ristle birlikte a\u011f\u0131r silahlarla donat\u0131lm\u0131\u015f 3 ara\u00e7 ve bir dozeri etkisiz hale getirdiklerini belirtti"},"content":{"rendered":"<p>Askeri kaynak SANA\u2019ya a\u00e7\u0131klamas\u0131nda ordu birliklerimizin Hama k\u0131rsal\u0131n\u0131n kuzeyi Mean Beldesinin de kuzeyine d\u00fc\u015fen Kebbariye B\u00f6lgesinde ter\u00f6ristlerin h\u0131r\u00e7\u0131n bir sald\u0131r\u0131s\u0131na kar\u015f\u0131 koyarken 25 ter\u00f6ristle birlikte a\u011f\u0131r silahlarla donat\u0131lm\u0131\u015f 3 ara\u00e7 ve bir dozeri etkisiz hale getirdiklerini belirtti<\/p>\n","protected":false},"excerpt":{"rendered":"<p>Askeri kaynak SANA\u2019ya a\u00e7\u0131klamas\u0131nda ordu birliklerimizin Hama k\u0131rsal\u0131n\u0131n kuzeyi Mean Beldesinin de kuzeyine d\u00fc\u015fen Kebbariye B\u00f6lgesinde ter\u00f6ristlerin h\u0131r\u00e7\u0131n bir sald\u0131r\u0131s\u0131na kar\u015f\u0131 koyarken 25 ter\u00f6ristle birlikte a\u011f\u0131r silahlarla donat\u0131lm\u0131\u015f 3 ara\u00e7 ve bir dozeri etkisiz hale getirdiklerini belirtti<\/p>\n","protected":false},"author":1,"featured_media":0,"comment_status":"closed","ping_status":"closed","sticky":false,"template":"","format":"standard","meta":{"footnotes":""},"categories":[17991],"tags":[],"class_list":["post-88374","post","type-post","status-publish","format-standard","","category-son-dakika"],"_links":{"self":[{"href":"https:\/\/archive.sana.sy\/tr\/index.php?rest_route=\/wp\/v2\/posts\/88374","targetHints":{"allow":["GET"]}}],"collection":[{"href":"https:\/\/archive.sana.sy\/tr\/index.php?rest_route=\/wp\/v2\/posts"}],"about":[{"href":"https:\/\/archive.sana.sy\/tr\/index.php?rest_route=\/wp\/v2\/types\/post"}],"author":[{"embeddable":true,"href":"https:\/\/archive.sana.sy\/tr\/index.php?rest_route=\/wp\/v2\/users\/1"}],"replies":[{"embeddable":true,"href":"https:\/\/archive.sana.sy\/tr\/index.php?rest_route=%2Fwp%2Fv2%2Fcomments&post=88374"}],"version-history":[{"count":0,"href":"https:\/\/archive.sana.sy\/tr\/index.php?rest_route=\/wp\/v2\/posts\/88374\/revisions"}],"wp:attachment":[{"href":"https:\/\/archive.sana.sy\/tr\/index.php?rest_route=%2Fwp%2Fv2%2Fmedia&parent=88374"}],"wp:term":[{"taxonomy":"category","embeddable":true,"href":"https:\/\/archive.sana.sy\/tr\/index.php?rest_route=%2Fwp%2Fv2%2Fcategories&post=88374"},{"taxonomy":"post_tag","embeddable":true,"href":"https:\/\/archive.sana.sy\/tr\/index.php?rest_route=%2Fwp%2Fv2%2Ftags&post=88374"}],"curies":[{"name":"wp","href":"https:\/\/api.w.org\/{rel}","templated":true}]}}