{"id":88412,"date":"2016-09-19T15:15:23","date_gmt":"2016-09-19T12:15:23","guid":{"rendered":"http:\/\/www.sana.sy\/tr\/?p=88412"},"modified":"2016-09-20T14:40:08","modified_gmt":"2016-09-20T11:40:08","slug":"golan-filistinin-kapisidir","status":"publish","type":"post","link":"https:\/\/archive.sana.sy\/tr\/?p=88412","title":{"rendered":"Golan Filistin\u2019in Kap\u0131s\u0131d\u0131r (video)"},"content":{"rendered":"<p>\u015eAM \u2013 Direni\u015f K\u00fclt\u00fcr ve Ba\u011fl\u0131l\u0131kt\u0131r Forumunun 2. Devresi \u2018Golan Filistin\u2019in Kap\u0131s\u0131d\u0131r\u2019 slogan\u0131 alt\u0131nda faaliyetlerine ba\u015flad\u0131.<\/p>\n<p>\u015eam \u00c7evre Kent K\u00fclt\u00fcr M\u00fcd\u00fcrl\u00fc\u011f\u00fcn\u00fcn ba\u015fkentteki Esad K\u00fct\u00fcphanesi Konferans Salonunda 3 g\u00fcn s\u00fcreyle organize etti\u011fi faaliyetler \u00e7er\u00e7evesinde plastik sanat sergisinin yan\u0131 s\u0131ra direni\u015fe \u0131\u015f\u0131k tutan iki k\u0131sa film g\u00f6sterisi yap\u0131l\u0131yor.<\/p>\n<p>Forum kat\u0131l\u0131mc\u0131lar\u0131 ise oturumlar\u0131nda ge\u00e7mi\u015fte ve halihaz\u0131rda Golan\u2019da m\u00fccadeleye ek olarak uluslar aras\u0131 kanunlar a\u00e7\u0131s\u0131ndan Golan i\u015fgali, Direni\u015fin co\u011frafyas\u0131, Baas ve s\u00f6m\u00fcr\u00fc planlar\u0131na kar\u015f\u0131 m\u00fccadele, enformasyon g\u00fcvenli\u011fi ve sava\u015f medyas\u0131, edebiyat ve direni\u015f ve Suriye sinemas\u0131 haf\u0131zas\u0131nda Golan gibi bir dizi konuyu tart\u0131\u015f\u0131yor.<\/p>\n<div id='gallery-1' class='gallery galleryid-88412 gallery-columns-3 gallery-size-thumbnail'><figure class='gallery-item'>\n\t\t\t<div class='gallery-icon landscape'>\n\t\t\t\t<a href='https:\/\/archive.sana.sy\/tr\/wp-content\/uploads\/2016\/09\/4-34.jpg'><img loading=\"lazy\" decoding=\"async\" width=\"150\" height=\"100\" src=\"https:\/\/archive.sana.sy\/tr\/wp-content\/uploads\/2016\/09\/4-34-150x100.jpg\" class=\"attachment-thumbnail size-thumbnail\" alt=\"\" srcset=\"https:\/\/archive.sana.sy\/tr\/wp-content\/uploads\/2016\/09\/4-34-150x100.jpg 150w, https:\/\/archive.sana.sy\/tr\/wp-content\/uploads\/2016\/09\/4-34-300x200.jpg 300w, https:\/\/archive.sana.sy\/tr\/wp-content\/uploads\/2016\/09\/4-34-768x512.jpg 768w, https:\/\/archive.sana.sy\/tr\/wp-content\/uploads\/2016\/09\/4-34-1024x682.jpg 1024w, https:\/\/archive.sana.sy\/tr\/wp-content\/uploads\/2016\/09\/4-34-310x205.jpg 310w\" sizes=\"auto, (max-width: 150px) 100vw, 150px\" \/><\/a>\n\t\t\t<\/div><\/figure><figure class='gallery-item'>\n\t\t\t<div class='gallery-icon landscape'>\n\t\t\t\t<a href='https:\/\/archive.sana.sy\/tr\/wp-content\/uploads\/2016\/09\/3-41.jpg'><img loading=\"lazy\" decoding=\"async\" width=\"150\" height=\"100\" src=\"https:\/\/archive.sana.sy\/tr\/wp-content\/uploads\/2016\/09\/3-41-150x100.jpg\" class=\"attachment-thumbnail size-thumbnail\" alt=\"\" srcset=\"https:\/\/archive.sana.sy\/tr\/wp-content\/uploads\/2016\/09\/3-41-150x100.jpg 150w, https:\/\/archive.sana.sy\/tr\/wp-content\/uploads\/2016\/09\/3-41-300x200.jpg 300w, https:\/\/archive.sana.sy\/tr\/wp-content\/uploads\/2016\/09\/3-41-768x511.jpg 768w, https:\/\/archive.sana.sy\/tr\/wp-content\/uploads\/2016\/09\/3-41-1024x681.jpg 1024w, https:\/\/archive.sana.sy\/tr\/wp-content\/uploads\/2016\/09\/3-41-310x205.jpg 310w\" sizes=\"auto, (max-width: 150px) 100vw, 150px\" \/><\/a>\n\t\t\t<\/div><\/figure><figure class='gallery-item'>\n\t\t\t<div class='gallery-icon landscape'>\n\t\t\t\t<a href='https:\/\/archive.sana.sy\/tr\/wp-content\/uploads\/2016\/09\/2-49.jpg'><img loading=\"lazy\" decoding=\"async\" width=\"150\" height=\"100\" src=\"https:\/\/archive.sana.sy\/tr\/wp-content\/uploads\/2016\/09\/2-49-150x100.jpg\" class=\"attachment-thumbnail size-thumbnail\" alt=\"\" srcset=\"https:\/\/archive.sana.sy\/tr\/wp-content\/uploads\/2016\/09\/2-49-150x100.jpg 150w, https:\/\/archive.sana.sy\/tr\/wp-content\/uploads\/2016\/09\/2-49-300x200.jpg 300w, https:\/\/archive.sana.sy\/tr\/wp-content\/uploads\/2016\/09\/2-49-768x511.jpg 768w, https:\/\/archive.sana.sy\/tr\/wp-content\/uploads\/2016\/09\/2-49-1024x681.jpg 1024w, https:\/\/archive.sana.sy\/tr\/wp-content\/uploads\/2016\/09\/2-49-310x205.jpg 310w\" sizes=\"auto, (max-width: 150px) 100vw, 150px\" \/><\/a>\n\t\t\t<\/div><\/figure><figure class='gallery-item'>\n\t\t\t<div class='gallery-icon landscape'>\n\t\t\t\t<a href='https:\/\/archive.sana.sy\/tr\/wp-content\/uploads\/2016\/09\/1-55.jpg'><img loading=\"lazy\" decoding=\"async\" width=\"150\" height=\"95\" src=\"https:\/\/archive.sana.sy\/tr\/wp-content\/uploads\/2016\/09\/1-55-150x95.jpg\" class=\"attachment-thumbnail size-thumbnail\" alt=\"\" srcset=\"https:\/\/archive.sana.sy\/tr\/wp-content\/uploads\/2016\/09\/1-55-150x95.jpg 150w, https:\/\/archive.sana.sy\/tr\/wp-content\/uploads\/2016\/09\/1-55-300x190.jpg 300w, https:\/\/archive.sana.sy\/tr\/wp-content\/uploads\/2016\/09\/1-55-768x485.jpg 768w, https:\/\/archive.sana.sy\/tr\/wp-content\/uploads\/2016\/09\/1-55-1024x647.jpg 1024w\" sizes=\"auto, (max-width: 150px) 100vw, 150px\" \/><\/a>\n\t\t\t<\/div><\/figure><figure class='gallery-item'>\n\t\t\t<div class='gallery-icon landscape'>\n\t\t\t\t<a href='https:\/\/archive.sana.sy\/tr\/wp-content\/uploads\/2016\/09\/6-26.jpg'><img loading=\"lazy\" decoding=\"async\" width=\"150\" height=\"98\" src=\"https:\/\/archive.sana.sy\/tr\/wp-content\/uploads\/2016\/09\/6-26-150x98.jpg\" class=\"attachment-thumbnail size-thumbnail\" alt=\"\" srcset=\"https:\/\/archive.sana.sy\/tr\/wp-content\/uploads\/2016\/09\/6-26-150x98.jpg 150w, https:\/\/archive.sana.sy\/tr\/wp-content\/uploads\/2016\/09\/6-26-300x195.jpg 300w, https:\/\/archive.sana.sy\/tr\/wp-content\/uploads\/2016\/09\/6-26-768x499.jpg 768w, https:\/\/archive.sana.sy\/tr\/wp-content\/uploads\/2016\/09\/6-26-1024x666.jpg 1024w, https:\/\/archive.sana.sy\/tr\/wp-content\/uploads\/2016\/09\/6-26-310x205.jpg 310w\" sizes=\"auto, (max-width: 150px) 100vw, 150px\" \/><\/a>\n\t\t\t<\/div><\/figure><figure class='gallery-item'>\n\t\t\t<div class='gallery-icon landscape'>\n\t\t\t\t<a href='https:\/\/archive.sana.sy\/tr\/wp-content\/uploads\/2016\/09\/0-15.jpg'><img loading=\"lazy\" decoding=\"async\" width=\"150\" height=\"75\" src=\"https:\/\/archive.sana.sy\/tr\/wp-content\/uploads\/2016\/09\/0-15-150x75.jpg\" class=\"attachment-thumbnail size-thumbnail\" alt=\"\" srcset=\"https:\/\/archive.sana.sy\/tr\/wp-content\/uploads\/2016\/09\/0-15-150x75.jpg 150w, https:\/\/archive.sana.sy\/tr\/wp-content\/uploads\/2016\/09\/0-15-300x150.jpg 300w, https:\/\/archive.sana.sy\/tr\/wp-content\/uploads\/2016\/09\/0-15.jpg 660w\" sizes=\"auto, (max-width: 150px) 100vw, 150px\" \/><\/a>\n\t\t\t<\/div><\/figure>\n\t\t<\/div>\n\n<p>https:\/\/www.youtube.com\/watch?v=FAZcviwDXcs<\/p>\n<p>R.M.<\/p>\n","protected":false},"excerpt":{"rendered":"<p>\u015eAM \u2013 Direni\u015f K\u00fclt\u00fcr ve Ba\u011fl\u0131l\u0131kt\u0131r Forumunun 2. Devresi \u2018Golan Filistin\u2019in Kap\u0131s\u0131d\u0131r\u2019 slogan\u0131 alt\u0131nda faaliyetlerine ba\u015flad\u0131. \u015eam \u00c7evre Kent K\u00fclt\u00fcr M\u00fcd\u00fcrl\u00fc\u011f\u00fcn\u00fcn ba\u015fkentteki Esad K\u00fct\u00fcphanesi Konferans Salonunda 3 g\u00fcn s\u00fcreyle organize etti\u011fi faaliyetler \u00e7er\u00e7evesinde plastik sanat sergisinin yan\u0131 s\u0131ra direni\u015fe \u0131\u015f\u0131k tutan iki k\u0131sa film g\u00f6sterisi yap\u0131l\u0131yor. Forum kat\u0131l\u0131mc\u0131lar\u0131 ise oturumlar\u0131nda ge\u00e7mi\u015fte ve halihaz\u0131rda Golan\u2019da m\u00fccadeleye &hellip;<\/p>\n","protected":false},"author":1,"featured_media":88414,"comment_status":"closed","ping_status":"closed","sticky":false,"template":"","format":"standard","meta":{"footnotes":""},"categories":[596,516,479,511,17988,478],"tags":[22485,20648,24021,24023,24022],"class_list":["post-88412","post","type-post","status-publish","format-standard","has-post-thumbnail","","category-fotografli-raporlar","category-haberler-kultur-ve-sanat","category-haberler-yerel","category-kultur-ve-sanat","category-son-haberler","category-yerel","tag-esad-kutuphanesi","tag-golan","tag-golan-filistinin-kapisidir","tag-golan-filistinin-kapisidir-konferansi","tag-sam-cevre-kent-kultur-mudurlugu"],"_links":{"self":[{"href":"https:\/\/archive.sana.sy\/tr\/index.php?rest_route=\/wp\/v2\/posts\/88412","targetHints":{"allow":["GET"]}}],"collection":[{"href":"https:\/\/archive.sana.sy\/tr\/index.php?rest_route=\/wp\/v2\/posts"}],"about":[{"href":"https:\/\/archive.sana.sy\/tr\/index.php?rest_route=\/wp\/v2\/types\/post"}],"author":[{"embeddable":true,"href":"https:\/\/archive.sana.sy\/tr\/index.php?rest_route=\/wp\/v2\/users\/1"}],"replies":[{"embeddable":true,"href":"https:\/\/archive.sana.sy\/tr\/index.php?rest_route=%2Fwp%2Fv2%2Fcomments&post=88412"}],"version-history":[{"count":0,"href":"https:\/\/archive.sana.sy\/tr\/index.php?rest_route=\/wp\/v2\/posts\/88412\/revisions"}],"wp:featuredmedia":[{"embeddable":true,"href":"https:\/\/archive.sana.sy\/tr\/index.php?rest_route=\/wp\/v2\/media\/88414"}],"wp:attachment":[{"href":"https:\/\/archive.sana.sy\/tr\/index.php?rest_route=%2Fwp%2Fv2%2Fmedia&parent=88412"}],"wp:term":[{"taxonomy":"category","embeddable":true,"href":"https:\/\/archive.sana.sy\/tr\/index.php?rest_route=%2Fwp%2Fv2%2Fcategories&post=88412"},{"taxonomy":"post_tag","embeddable":true,"href":"https:\/\/archive.sana.sy\/tr\/index.php?rest_route=%2Fwp%2Fv2%2Ftags&post=88412"}],"curies":[{"name":"wp","href":"https:\/\/api.w.org\/{rel}","templated":true}]}}