{"id":88428,"date":"2016-09-19T15:51:54","date_gmt":"2016-09-19T12:51:54","guid":{"rendered":"http:\/\/www.sana.sy\/tr\/?p=88428"},"modified":"2016-09-20T15:48:20","modified_gmt":"2016-09-20T12:48:20","slug":"sivillere-gelisiguzel-saldirilari-devam-ediyor","status":"publish","type":"post","link":"https:\/\/archive.sana.sy\/tr\/?p=88428","title":{"rendered":"Sivillere Geli\u015fig\u00fczel Sald\u0131r\u0131lar\u0131 Devam Ediyor"},"content":{"rendered":"<p>\u0130LLER \u2013 \u0130srail, Suudi Arabistan, T\u00fcrkiye ve daha ba\u015fka devletlerden destek ve komuta alan ter\u00f6ristler bug\u00fcn de sivil yerle\u015fim alanlar\u0131na gaddar sald\u0131r\u0131lar\u0131n\u0131 s\u00fcrd\u00fcrd\u00fc.<\/p>\n<p><span style=\"color: #0000ff\">KUNAYTRA:<\/span><\/p>\n<p>Kunaytra il Emniyet M\u00fcd\u00fcrl\u00fc\u011f\u00fcnde bir kaynak, il k\u0131rsal\u0131n\u0131n Cebata el Ha\u015fab ormanl\u0131klar\u0131nda konu\u015flanan ve \u0130srail&#8217;den destek ve talimat alan ter\u00f6ristlerin bug\u00fcn Hadar K\u00f6y\u00fcnde vatanda\u015flar\u0131n evlerini iki tank mermisiyle sald\u0131rd\u0131klar\u0131n\u0131 belirtti. Kaynak mermilerden birinin bir eve d\u00fc\u015fmesiyle bir ki\u015finin yaraland\u0131\u011f\u0131n\u0131, evde de maddi hasar meydana geldi\u011fini s\u00f6yledi.<\/p>\n<p>Yine \u0130srail&#8217;den destek ve komuta alan Hmeydiye K\u00f6y\u00fcndeki ter\u00f6ristlerin Kunaytra\u2019da Baas Semtini hedef ald\u0131klar\u0131n\u0131 ifade eden kaynak; okullar\u0131n ba\u015flamas\u0131n\u0131n ikinci g\u00fcn\u00fcnde bir havan mermisinin Galiye Ferhan Okulu, bir di\u011fer havan mermisinin de Telefon M\u00fcd\u00fcrl\u00fc\u011f\u00fc civarlar\u0131nda d\u00fc\u015ft\u00fcklerini kaydetti. Kaynak hain sald\u0131r\u0131larda maddi hasar\u0131n oldu\u011funu, be\u015feri isabetlerin ise \u015fans eseri olmad\u0131\u011f\u0131n\u0131 s\u00f6zlerine ekledi.<\/p>\n<p><span style=\"color: #0000ff\">\u015eAM KIRSALI:<\/span><\/p>\n<p>\u011eer yandan \u015eam \u00c7evre Kent Emniyet M\u00fcd\u00fcrl\u00fc\u011f\u00fcnde bir kaynak benzer bir a\u00e7\u0131klamada Do\u011fu \u011euta\u2019da konu\u015flanan ter\u00f6ristlerin Ceramana Kasabas\u0131n\u0131 yine havan mermileriyle hedef ald\u0131klar\u0131n\u0131 s\u00f6yledi.<\/p>\n<p>Gaddar sald\u0131r\u0131 sonucunda be\u015feri isabetlerin olmad\u0131\u011f\u0131n\u0131 kaydeden kaynak, \u00f6zel ve kamu m\u00fclklerde maddi hasar\u0131n olu\u015ftu\u011funu s\u00f6yledi.<\/p>\n<p>&nbsp;<\/p>\n<p>&nbsp;<\/p>\n","protected":false},"excerpt":{"rendered":"<p>\u0130LLER \u2013 \u0130srail, Suudi Arabistan, T\u00fcrkiye ve daha ba\u015fka devletlerden destek ve komuta alan ter\u00f6ristler bug\u00fcn de sivil yerle\u015fim alanlar\u0131na gaddar sald\u0131r\u0131lar\u0131n\u0131 s\u00fcrd\u00fcrd\u00fc. KUNAYTRA: Kunaytra il Emniyet M\u00fcd\u00fcrl\u00fc\u011f\u00fcnde bir kaynak, il k\u0131rsal\u0131n\u0131n Cebata el Ha\u015fab ormanl\u0131klar\u0131nda konu\u015flanan ve \u0130srail&#8217;den destek ve talimat alan ter\u00f6ristlerin bug\u00fcn Hadar K\u00f6y\u00fcnde vatanda\u015flar\u0131n evlerini iki tank mermisiyle sald\u0131rd\u0131klar\u0131n\u0131 belirtti. Kaynak &hellip;<\/p>\n","protected":false},"author":1,"featured_media":88459,"comment_status":"closed","ping_status":"closed","sticky":false,"template":"","format":"standard","meta":{"footnotes":""},"categories":[479,575,17988,478],"tags":[18237,17273,15945,21407,18174,19043,19034],"class_list":["post-88428","post","type-post","status-publish","format-standard","has-post-thumbnail","","category-haberler-yerel","category-olaylar-ve-gercekler","category-son-haberler","category-yerel","tag-cihatcilar","tag-havan-saldirisi","tag-ilimli-muhalifler","tag-sivil-bolgelere-saldiri","tag-sivillere-saldiri","tag-suriyede-son-durum","tag-suriyeli-muhalifler"],"_links":{"self":[{"href":"https:\/\/archive.sana.sy\/tr\/index.php?rest_route=\/wp\/v2\/posts\/88428","targetHints":{"allow":["GET"]}}],"collection":[{"href":"https:\/\/archive.sana.sy\/tr\/index.php?rest_route=\/wp\/v2\/posts"}],"about":[{"href":"https:\/\/archive.sana.sy\/tr\/index.php?rest_route=\/wp\/v2\/types\/post"}],"author":[{"embeddable":true,"href":"https:\/\/archive.sana.sy\/tr\/index.php?rest_route=\/wp\/v2\/users\/1"}],"replies":[{"embeddable":true,"href":"https:\/\/archive.sana.sy\/tr\/index.php?rest_route=%2Fwp%2Fv2%2Fcomments&post=88428"}],"version-history":[{"count":0,"href":"https:\/\/archive.sana.sy\/tr\/index.php?rest_route=\/wp\/v2\/posts\/88428\/revisions"}],"wp:featuredmedia":[{"embeddable":true,"href":"https:\/\/archive.sana.sy\/tr\/index.php?rest_route=\/wp\/v2\/media\/88459"}],"wp:attachment":[{"href":"https:\/\/archive.sana.sy\/tr\/index.php?rest_route=%2Fwp%2Fv2%2Fmedia&parent=88428"}],"wp:term":[{"taxonomy":"category","embeddable":true,"href":"https:\/\/archive.sana.sy\/tr\/index.php?rest_route=%2Fwp%2Fv2%2Fcategories&post=88428"},{"taxonomy":"post_tag","embeddable":true,"href":"https:\/\/archive.sana.sy\/tr\/index.php?rest_route=%2Fwp%2Fv2%2Ftags&post=88428"}],"curies":[{"name":"wp","href":"https:\/\/api.w.org\/{rel}","templated":true}]}}